{"id":1277,"date":"2016-03-11T15:13:40","date_gmt":"2016-03-11T14:13:40","guid":{"rendered":"http:\/\/asdmonticelli.it\/?p=1277"},"modified":"2016-03-11T15:13:40","modified_gmt":"2016-03-11T14:13:40","slug":"poli-sosta-utile-per-recuperare-gli-infortunati-voglio-dare-anche-io-il-mio-contributo","status":"publish","type":"post","link":"https:\/\/www.ssdmonticelli.it\/index.php\/2016\/03\/11\/poli-sosta-utile-per-recuperare-gli-infortunati-voglio-dare-anche-io-il-mio-contributo\/","title":{"rendered":"Poli: sosta utile per recuperare gli infortunati; voglio dare anche io il mio contributo"},"content":{"rendered":"<p>Domenico Poli, centrocampista classe 1995, torna a parlare dopo la sconfitta casalinga con la Fermana. Domenico, uno degli artefici della splendida cavalcata dello scorso anno, si \u00e8 soffermato anche sulle sue condizioni fisiche e sulla sua voglia di rilancio.<\/p>\n<p>&#8220;Il risultato di domenica scorsa \u00e8 stato pesante e immeritato. La partita con la Fermana \u00e8 stata\u00a0condizionata\u00a0dall&#8217;eccessiva espulsione di Andrea (Petrucci). Ora per\u00f2 \u00e8 importante voltare pagina e pensare subito al prossimo impegno mettendoci tutta la concentrazione possibile. In questo momento la sosta \u00e8 fondamentale per rimetterci a posto con i tanti infortunati e per pensare al meglio alla sfida con l&#8217;Agnonese. Andremo ad incontrare una squadra ostica\u00a0che in casa va forte, con un allentatore tosto: sar\u00e0 dura, una battaglia!\u00a0Quest&#8217;anno non ho giocato molto per\u00f2 spero di rientrare subito in forma, per esserci con l&#8217;Agnonese e per dare il mio contributo per raggiungere la salvezza&#8221;<\/p>\n","protected":false},"excerpt":{"rendered":"<p>Domenico Poli, centrocampista classe 1995, torna a parlare dopo la sconfitta casalinga con la Fermana. Domenico, uno degli artefici della splendida cavalcata dello scorso anno, si \u00e8 soffermato anche sulle sue condizioni fisiche e sulla sua voglia di rilancio. &#8220;Il risultato di domenica scorsa \u00e8 stato pesante e immeritato. La partita con la Fermana \u00e8&#8230; <\/p>\n<div class=\"clear\"><\/div>\n<p><a href=\"https:\/\/www.ssdmonticelli.it\/index.php\/2016\/03\/11\/poli-sosta-utile-per-recuperare-gli-infortunati-voglio-dare-anche-io-il-mio-contributo\/\" class=\"excerpt-read-more\">Read More<\/a><\/p>\n","protected":false},"author":2,"featured_media":1278,"comment_status":"open","ping_status":"open","sticky":false,"template":"","format":"standard","meta":{"footnotes":""},"categories":[1],"tags":[],"class_list":["post-1277","post","type-post","status-publish","format-standard","has-post-thumbnail","hentry","category-uncategorized"],"jetpack_featured_media_url":"https:\/\/www.ssdmonticelli.it\/wp-content\/uploads\/2016\/03\/poli.jpg","_links":{"self":[{"href":"https:\/\/www.ssdmonticelli.it\/index.php\/wp-json\/wp\/v2\/posts\/1277","targetHints":{"allow":["GET"]}}],"collection":[{"href":"https:\/\/www.ssdmonticelli.it\/index.php\/wp-json\/wp\/v2\/posts"}],"about":[{"href":"https:\/\/www.ssdmonticelli.it\/index.php\/wp-json\/wp\/v2\/types\/post"}],"author":[{"embeddable":true,"href":"https:\/\/www.ssdmonticelli.it\/index.php\/wp-json\/wp\/v2\/users\/2"}],"replies":[{"embeddable":true,"href":"https:\/\/www.ssdmonticelli.it\/index.php\/wp-json\/wp\/v2\/comments?post=1277"}],"version-history":[{"count":1,"href":"https:\/\/www.ssdmonticelli.it\/index.php\/wp-json\/wp\/v2\/posts\/1277\/revisions"}],"predecessor-version":[{"id":1279,"href":"https:\/\/www.ssdmonticelli.it\/index.php\/wp-json\/wp\/v2\/posts\/1277\/revisions\/1279"}],"wp:featuredmedia":[{"embeddable":true,"href":"https:\/\/www.ssdmonticelli.it\/index.php\/wp-json\/wp\/v2\/media\/1278"}],"wp:attachment":[{"href":"https:\/\/www.ssdmonticelli.it\/index.php\/wp-json\/wp\/v2\/media?parent=1277"}],"wp:term":[{"taxonomy":"category","embeddable":true,"href":"https:\/\/www.ssdmonticelli.it\/index.php\/wp-json\/wp\/v2\/categories?post=1277"},{"taxonomy":"post_tag","embeddable":true,"href":"https:\/\/www.ssdmonticelli.it\/index.php\/wp-json\/wp\/v2\/tags?post=1277"}],"curies":[{"name":"wp","href":"https:\/\/api.w.org\/{rel}","templated":true}]}}