{"id":1484,"date":"2016-07-19T17:20:58","date_gmt":"2016-07-19T16:20:58","guid":{"rendered":"http:\/\/asdmonticelli.it\/?p=1484"},"modified":"2016-07-21T18:37:47","modified_gmt":"2016-07-21T17:37:47","slug":"si-parte-lunedi-25-luglio-raduno-e-inizio-preparazione","status":"publish","type":"post","link":"https:\/\/www.ssdmonticelli.it\/index.php\/2016\/07\/19\/si-parte-lunedi-25-luglio-raduno-e-inizio-preparazione\/","title":{"rendered":"Si parte! Luned\u00ec 25 luglio raduno e inizio preparazione"},"content":{"rendered":"<p>La societ\u00e0 ASD Monticelli comunica che luned\u00ec 25 luglio, <strong>alle ore 9<\/strong>, avr\u00e0 ufficialmente inizio la stagione 2016-2017 con il raduno presso il Velodromo &#8220;Don Mauro Bartolini&#8221; di Monticelli in vista del campionato di Serie D.La squadra si ritrover\u00e0 presso la struttura di allenamento cosi da dare possibilit\u00e0 a tutti i tifosi di venire a salutare i ragazzi e di conoscere i nuovi arrivati.<\/p>\n<p>&nbsp;<\/p>\n<p>&nbsp;<\/p>\n<p>&nbsp;<\/p>\n","protected":false},"excerpt":{"rendered":"<p>La societ\u00e0 ASD Monticelli comunica che luned\u00ec 25 luglio, alle ore 9, avr\u00e0 ufficialmente inizio la stagione 2016-2017 con il raduno presso il Velodromo &#8220;Don Mauro Bartolini&#8221; di Monticelli in vista del campionato di Serie D.La squadra si ritrover\u00e0 presso la struttura di allenamento cosi da dare possibilit\u00e0 a tutti i tifosi di venire a&#8230; <\/p>\n<div class=\"clear\"><\/div>\n<p><a href=\"https:\/\/www.ssdmonticelli.it\/index.php\/2016\/07\/19\/si-parte-lunedi-25-luglio-raduno-e-inizio-preparazione\/\" class=\"excerpt-read-more\">Read More<\/a><\/p>\n","protected":false},"author":2,"featured_media":1485,"comment_status":"open","ping_status":"open","sticky":false,"template":"","format":"standard","meta":{"footnotes":""},"categories":[1],"tags":[],"class_list":["post-1484","post","type-post","status-publish","format-standard","has-post-thumbnail","hentry","category-uncategorized"],"jetpack_featured_media_url":"https:\/\/www.ssdmonticelli.it\/wp-content\/uploads\/2016\/07\/serie-d.jpg","_links":{"self":[{"href":"https:\/\/www.ssdmonticelli.it\/index.php\/wp-json\/wp\/v2\/posts\/1484","targetHints":{"allow":["GET"]}}],"collection":[{"href":"https:\/\/www.ssdmonticelli.it\/index.php\/wp-json\/wp\/v2\/posts"}],"about":[{"href":"https:\/\/www.ssdmonticelli.it\/index.php\/wp-json\/wp\/v2\/types\/post"}],"author":[{"embeddable":true,"href":"https:\/\/www.ssdmonticelli.it\/index.php\/wp-json\/wp\/v2\/users\/2"}],"replies":[{"embeddable":true,"href":"https:\/\/www.ssdmonticelli.it\/index.php\/wp-json\/wp\/v2\/comments?post=1484"}],"version-history":[{"count":2,"href":"https:\/\/www.ssdmonticelli.it\/index.php\/wp-json\/wp\/v2\/posts\/1484\/revisions"}],"predecessor-version":[{"id":1488,"href":"https:\/\/www.ssdmonticelli.it\/index.php\/wp-json\/wp\/v2\/posts\/1484\/revisions\/1488"}],"wp:featuredmedia":[{"embeddable":true,"href":"https:\/\/www.ssdmonticelli.it\/index.php\/wp-json\/wp\/v2\/media\/1485"}],"wp:attachment":[{"href":"https:\/\/www.ssdmonticelli.it\/index.php\/wp-json\/wp\/v2\/media?parent=1484"}],"wp:term":[{"taxonomy":"category","embeddable":true,"href":"https:\/\/www.ssdmonticelli.it\/index.php\/wp-json\/wp\/v2\/categories?post=1484"},{"taxonomy":"post_tag","embeddable":true,"href":"https:\/\/www.ssdmonticelli.it\/index.php\/wp-json\/wp\/v2\/tags?post=1484"}],"curies":[{"name":"wp","href":"https:\/\/api.w.org\/{rel}","templated":true}]}}