{"id":1626,"date":"2016-09-07T15:45:15","date_gmt":"2016-09-07T14:45:15","guid":{"rendered":"http:\/\/asdmonticelli.it\/?p=1626"},"modified":"2016-09-07T15:45:15","modified_gmt":"2016-09-07T14:45:15","slug":"la-partita-con-lalfonsine-spostata-a-teramo-tutte-le-info-e-i-prezzi-dei-biglietti","status":"publish","type":"post","link":"https:\/\/www.ssdmonticelli.it\/index.php\/2016\/09\/07\/la-partita-con-lalfonsine-spostata-a-teramo-tutte-le-info-e-i-prezzi-dei-biglietti\/","title":{"rendered":"La partita con l&#8217;Alfonsine spostata a Teramo: tutte le info e i prezzi dei biglietti"},"content":{"rendered":"<div class=\"\" data-block=\"true\" data-editor=\"4hibo\" data-offset-key=\"e0jrg-0-0\">\n<div class=\"_1mf _1mj\" data-offset-key=\"e0jrg-0-0\"><span data-offset-key=\"e0jrg-0-0\"><span data-text=\"true\">Monticelli &#8211; Alfonsine non si giocher\u00e0 al Del Duca di Ascoli Piceno <\/span><\/span><\/div>\n<\/div>\n<div class=\"\" data-block=\"true\" data-editor=\"4hibo\" data-offset-key=\"cbj4e-0-0\">\n<div class=\"_1mf _1mj\" data-offset-key=\"cbj4e-0-0\"><span data-offset-key=\"cbj4e-0-0\">\u00a0<\/span><\/div>\n<\/div>\n<div class=\"\" data-block=\"true\" data-editor=\"4hibo\" data-offset-key=\"65u7g-0-0\">\n<div class=\"_1mf _1mj\" data-offset-key=\"65u7g-0-0\"><span data-offset-key=\"65u7g-0-0\"><span data-text=\"true\">La partita, valevole per la seconda giornata del campionato di Serie D, \u00e8 stata spostata allo Stadio &#8220;Bonolis&#8221; di Teramo. Per venire incontro ai tifosi che hanno acquistato l&#8217;abbonamento ma che hanno difficolt\u00e0 a raggiungere Teramo, la societ\u00e0 ha deciso che domenica sar\u00e0 GIORNATA BIANCAZZURRA. Non varranno quindi gli abbonamenti ma ci saranno prezzi speciali per tutti coloro che seguiranno il Monticelli:<\/span><\/span><\/div>\n<\/div>\n<div class=\"\" data-block=\"true\" data-editor=\"4hibo\" data-offset-key=\"fd810-0-0\">\n<div class=\"_1mf _1mj\" data-offset-key=\"fd810-0-0\"><span data-offset-key=\"fd810-0-0\"><span data-text=\"true\">Tribuna e Settore Ospiti: 10 euro<\/span><\/span><\/div>\n<\/div>\n<div class=\"\" data-block=\"true\" data-editor=\"4hibo\" data-offset-key=\"dbk48-0-0\">\n<div class=\"_1mf _1mj\" data-offset-key=\"dbk48-0-0\"><span data-offset-key=\"dbk48-0-0\"><span data-text=\"true\">Ridotto (fino a 18 anni): 5 euro<\/span><\/span><\/div>\n<\/div>\n<div class=\"\" data-block=\"true\" data-editor=\"4hibo\" data-offset-key=\"ah5rp-0-0\">\n<div class=\"_1mf _1mj\" data-offset-key=\"ah5rp-0-0\"><span data-offset-key=\"ah5rp-0-0\"><span data-text=\"true\">I ragazzi fino a 14 anni entrano GRATIS<\/span><\/span><\/div>\n<\/div>\n<div class=\"\" data-block=\"true\" data-editor=\"4hibo\" data-offset-key=\"3sm1-0-0\">\n<div class=\"_1mf _1mj\" data-offset-key=\"3sm1-0-0\"><span data-offset-key=\"3sm1-0-0\">\u00a0<\/span><\/div>\n<\/div>\n<div class=\"\" data-block=\"true\" data-editor=\"4hibo\" data-offset-key=\"co5tm-0-0\">\n<div class=\"_1mf _1mj\" data-offset-key=\"co5tm-0-0\"><span data-offset-key=\"co5tm-0-0\"><span data-text=\"true\">La squadra ha bisogno del sostegno di tutti voi. Vi aspettiamo allo stadio per continuare a sognare con il MONTICELLIIIIIIIIIII<\/span><\/span><\/div>\n<\/div>\n<div class=\"\" data-block=\"true\" data-editor=\"4hibo\" data-offset-key=\"4fcmm-0-0\">\n<div class=\"_1mf _1mj\" data-offset-key=\"4fcmm-0-0\"><span class=\"_5u8n\" spellcheck=\"false\" data-offset-key=\"4fcmm-0-0\"><span data-offset-key=\"4fcmm-0-0\"><span data-text=\"true\">#liberiDsognare<\/span><\/span><\/span> <span class=\"_5u8n\" spellcheck=\"false\" data-offset-key=\"4fcmm-2-0\"><span data-offset-key=\"4fcmm-2-0\"><span data-text=\"true\">#monticelli\u00e8ilnostroquartiere<\/span><\/span><\/span><\/div>\n<\/div>\n","protected":false},"excerpt":{"rendered":"<p>Monticelli &#8211; Alfonsine non si giocher\u00e0 al Del Duca di Ascoli Piceno \u00a0 La partita, valevole per la seconda giornata del campionato di Serie D, \u00e8 stata spostata allo Stadio &#8220;Bonolis&#8221; di Teramo. Per venire incontro ai tifosi che hanno acquistato l&#8217;abbonamento ma che hanno difficolt\u00e0 a raggiungere Teramo, la societ\u00e0 ha deciso che domenica&#8230; <\/p>\n<div class=\"clear\"><\/div>\n<p><a href=\"https:\/\/www.ssdmonticelli.it\/index.php\/2016\/09\/07\/la-partita-con-lalfonsine-spostata-a-teramo-tutte-le-info-e-i-prezzi-dei-biglietti\/\" class=\"excerpt-read-more\">Read More<\/a><\/p>\n","protected":false},"author":2,"featured_media":1624,"comment_status":"open","ping_status":"open","sticky":false,"template":"","format":"standard","meta":{"footnotes":""},"categories":[1],"tags":[],"class_list":["post-1626","post","type-post","status-publish","format-standard","has-post-thumbnail","hentry","category-uncategorized"],"jetpack_featured_media_url":"https:\/\/www.ssdmonticelli.it\/wp-content\/uploads\/2016\/09\/425339956_16867563731199459463.jpg","_links":{"self":[{"href":"https:\/\/www.ssdmonticelli.it\/index.php\/wp-json\/wp\/v2\/posts\/1626","targetHints":{"allow":["GET"]}}],"collection":[{"href":"https:\/\/www.ssdmonticelli.it\/index.php\/wp-json\/wp\/v2\/posts"}],"about":[{"href":"https:\/\/www.ssdmonticelli.it\/index.php\/wp-json\/wp\/v2\/types\/post"}],"author":[{"embeddable":true,"href":"https:\/\/www.ssdmonticelli.it\/index.php\/wp-json\/wp\/v2\/users\/2"}],"replies":[{"embeddable":true,"href":"https:\/\/www.ssdmonticelli.it\/index.php\/wp-json\/wp\/v2\/comments?post=1626"}],"version-history":[{"count":1,"href":"https:\/\/www.ssdmonticelli.it\/index.php\/wp-json\/wp\/v2\/posts\/1626\/revisions"}],"predecessor-version":[{"id":1627,"href":"https:\/\/www.ssdmonticelli.it\/index.php\/wp-json\/wp\/v2\/posts\/1626\/revisions\/1627"}],"wp:featuredmedia":[{"embeddable":true,"href":"https:\/\/www.ssdmonticelli.it\/index.php\/wp-json\/wp\/v2\/media\/1624"}],"wp:attachment":[{"href":"https:\/\/www.ssdmonticelli.it\/index.php\/wp-json\/wp\/v2\/media?parent=1626"}],"wp:term":[{"taxonomy":"category","embeddable":true,"href":"https:\/\/www.ssdmonticelli.it\/index.php\/wp-json\/wp\/v2\/categories?post=1626"},{"taxonomy":"post_tag","embeddable":true,"href":"https:\/\/www.ssdmonticelli.it\/index.php\/wp-json\/wp\/v2\/tags?post=1626"}],"curies":[{"name":"wp","href":"https:\/\/api.w.org\/{rel}","templated":true}]}}