{"id":1770,"date":"2016-09-25T19:43:02","date_gmt":"2016-09-25T18:43:02","guid":{"rendered":"http:\/\/asdmonticelli.it\/?p=1770"},"modified":"2016-09-25T19:43:02","modified_gmt":"2016-09-25T18:43:02","slug":"stallone-post-san-nicolo-il-fattaccio-di-traini-ha-creato-confusione-calcistica-e-tattica","status":"publish","type":"post","link":"https:\/\/www.ssdmonticelli.it\/index.php\/2016\/09\/25\/stallone-post-san-nicolo-il-fattaccio-di-traini-ha-creato-confusione-calcistica-e-tattica\/","title":{"rendered":"Stallone post San Nicol\u00f2: il &#8220;fattaccio&#8221; di Traini ha creato confusione calcistica e tattica"},"content":{"rendered":"<p>Mister Stallone al termine della partita<\/p>\n<p>\u201cOggi il campo ha condizionato entrambe le squadre; ha costretto \u00a0a giocare una partita pi\u00f9 spigolosa e di combattimento che poco c&#8217;entra con\u00a0il DNA delle due squadre. Sotto il profilo del ritmo avevamo qualcosa pi\u00f9 di loro. Oggi \u00e8 mancato l\u2019ultimo passaggio. Di positivo c\u2019\u00e8 il carattere della squadra che non molla mai e sviluppa sempre gioco, mancando tra gli altri quattro terzini di ruolo. L\u2019episodio di Traini \u00e8 stato anti-etico e antisportivo. Il capitano Petronio \u00e8 stato un uomo e ci ha fatto pareggiare. Tutto quello che \u00e8 successo ha creato confusione anche calcistica e tattica. Poteva esserci un finale diverso. C\u2019era disordine mentale e poca lucidit\u00e0 dopo il fattaccio. Ciabuschi? Un altro infortunio alla spalla, come quello di Gesu\u00e8 due settimane fa. Nell&#8217;ultimo periodo non siamo fortunati n\u00e8 sotto il profilo di arbitraggi n\u00e8 in quello della salute.\u201d\u201d<\/p>\n","protected":false},"excerpt":{"rendered":"<p>Mister Stallone al termine della partita \u201cOggi il campo ha condizionato entrambe le squadre; ha costretto \u00a0a giocare una partita pi\u00f9 spigolosa e di combattimento che poco c&#8217;entra con\u00a0il DNA delle due squadre. Sotto il profilo del ritmo avevamo qualcosa pi\u00f9 di loro. Oggi \u00e8 mancato l\u2019ultimo passaggio. Di positivo c\u2019\u00e8 il carattere della squadra&#8230; <\/p>\n<div class=\"clear\"><\/div>\n<p><a href=\"https:\/\/www.ssdmonticelli.it\/index.php\/2016\/09\/25\/stallone-post-san-nicolo-il-fattaccio-di-traini-ha-creato-confusione-calcistica-e-tattica\/\" class=\"excerpt-read-more\">Read More<\/a><\/p>\n","protected":false},"author":2,"featured_media":0,"comment_status":"open","ping_status":"open","sticky":false,"template":"","format":"standard","meta":{"footnotes":""},"categories":[1],"tags":[],"class_list":["post-1770","post","type-post","status-publish","format-standard","hentry","category-uncategorized"],"jetpack_featured_media_url":"","_links":{"self":[{"href":"https:\/\/www.ssdmonticelli.it\/index.php\/wp-json\/wp\/v2\/posts\/1770","targetHints":{"allow":["GET"]}}],"collection":[{"href":"https:\/\/www.ssdmonticelli.it\/index.php\/wp-json\/wp\/v2\/posts"}],"about":[{"href":"https:\/\/www.ssdmonticelli.it\/index.php\/wp-json\/wp\/v2\/types\/post"}],"author":[{"embeddable":true,"href":"https:\/\/www.ssdmonticelli.it\/index.php\/wp-json\/wp\/v2\/users\/2"}],"replies":[{"embeddable":true,"href":"https:\/\/www.ssdmonticelli.it\/index.php\/wp-json\/wp\/v2\/comments?post=1770"}],"version-history":[{"count":1,"href":"https:\/\/www.ssdmonticelli.it\/index.php\/wp-json\/wp\/v2\/posts\/1770\/revisions"}],"predecessor-version":[{"id":1771,"href":"https:\/\/www.ssdmonticelli.it\/index.php\/wp-json\/wp\/v2\/posts\/1770\/revisions\/1771"}],"wp:attachment":[{"href":"https:\/\/www.ssdmonticelli.it\/index.php\/wp-json\/wp\/v2\/media?parent=1770"}],"wp:term":[{"taxonomy":"category","embeddable":true,"href":"https:\/\/www.ssdmonticelli.it\/index.php\/wp-json\/wp\/v2\/categories?post=1770"},{"taxonomy":"post_tag","embeddable":true,"href":"https:\/\/www.ssdmonticelli.it\/index.php\/wp-json\/wp\/v2\/tags?post=1770"}],"curies":[{"name":"wp","href":"https:\/\/api.w.org\/{rel}","templated":true}]}}