{"id":1898,"date":"2016-10-10T14:19:57","date_gmt":"2016-10-10T13:19:57","guid":{"rendered":"http:\/\/asdmonticelli.it\/?p=1898"},"modified":"2016-10-10T14:19:57","modified_gmt":"2016-10-10T13:19:57","slug":"bucchi-una-piccola-realta-che-non-ha-nulla-di-piccolo-qui-si-puo-fare-un-buon-calcio","status":"publish","type":"post","link":"https:\/\/www.ssdmonticelli.it\/index.php\/2016\/10\/10\/bucchi-una-piccola-realta-che-non-ha-nulla-di-piccolo-qui-si-puo-fare-un-buon-calcio\/","title":{"rendered":"Bucchi: una piccola realt\u00e0 che non ha nulla di piccolo: qui si pu\u00f2 fare un buon calcio"},"content":{"rendered":"<p>Andrea Bucchi ha parlato della sua prima settimana al Monticelli del presidente Piero Palatroni:<\/p>\n<p>&#8220;Sono arrivato solo da una settimana ma mi sono reso conto che questa piccola realt\u00e0 non ha nulla di piccolo. Ho visto un&#8217;ottima organizzazione, una famiglia dove si \u00e8 messi in condizione di fare del buon calcio. Sono contento di questa scelta, ora per\u00f2 sta a me a rimettermi a posto fisicamente per poter dare il mio contributo al fine di raggiungere l&#8217;obiettivo della salvezza. Sono grato al Monticelli per questa opportunit\u00e0 e credo che qui si possano ricreare diverse situazioni positive affinch\u00e8 possa sbocciare un nuovo Bucchi, cosi da togliermi tante\u00a0soddisfazioni ancora per diversi anni.<\/p>\n<p>Avevo affrontato mister Stallone solo da avversario; \u00e8 un allenatore preparato, che lavora su ogni dettaglio della partita. Con lui ci si allena\u00a0bene durante la settimana cosi che la domenica tutti sanno in campo quello che devono fare. Ha un&#8217;idea di calcio precisa, con dei meccanismi che sto gi\u00e0 iniziando a metabolizzare, la\u00a0porta avanti con forza e passione.<\/p>\n<p>A noi attaccanti viene chiesto di fare gol; io mi impegner\u00f2 al massimo e dar\u00f2 il mio contributo per prenderci delle belle soddisfazioni. Io sono a disposizione e speriamo di iniziare a fare anche quello che mi riesce meglio: i gol!&#8221;<\/p>\n<p>&nbsp;<\/p>\n<p>&nbsp;<\/p>\n","protected":false},"excerpt":{"rendered":"<p>Andrea Bucchi ha parlato della sua prima settimana al Monticelli del presidente Piero Palatroni: &#8220;Sono arrivato solo da una settimana ma mi sono reso conto che questa piccola realt\u00e0 non ha nulla di piccolo. Ho visto un&#8217;ottima organizzazione, una famiglia dove si \u00e8 messi in condizione di fare del buon calcio. Sono contento di questa&#8230; <\/p>\n<div class=\"clear\"><\/div>\n<p><a href=\"https:\/\/www.ssdmonticelli.it\/index.php\/2016\/10\/10\/bucchi-una-piccola-realta-che-non-ha-nulla-di-piccolo-qui-si-puo-fare-un-buon-calcio\/\" class=\"excerpt-read-more\">Read More<\/a><\/p>\n","protected":false},"author":2,"featured_media":1899,"comment_status":"open","ping_status":"open","sticky":false,"template":"","format":"standard","meta":{"footnotes":""},"categories":[1],"tags":[],"class_list":["post-1898","post","type-post","status-publish","format-standard","has-post-thumbnail","hentry","category-uncategorized"],"jetpack_featured_media_url":"https:\/\/www.ssdmonticelli.it\/wp-content\/uploads\/2016\/10\/bucchi.jpg","_links":{"self":[{"href":"https:\/\/www.ssdmonticelli.it\/index.php\/wp-json\/wp\/v2\/posts\/1898","targetHints":{"allow":["GET"]}}],"collection":[{"href":"https:\/\/www.ssdmonticelli.it\/index.php\/wp-json\/wp\/v2\/posts"}],"about":[{"href":"https:\/\/www.ssdmonticelli.it\/index.php\/wp-json\/wp\/v2\/types\/post"}],"author":[{"embeddable":true,"href":"https:\/\/www.ssdmonticelli.it\/index.php\/wp-json\/wp\/v2\/users\/2"}],"replies":[{"embeddable":true,"href":"https:\/\/www.ssdmonticelli.it\/index.php\/wp-json\/wp\/v2\/comments?post=1898"}],"version-history":[{"count":1,"href":"https:\/\/www.ssdmonticelli.it\/index.php\/wp-json\/wp\/v2\/posts\/1898\/revisions"}],"predecessor-version":[{"id":1900,"href":"https:\/\/www.ssdmonticelli.it\/index.php\/wp-json\/wp\/v2\/posts\/1898\/revisions\/1900"}],"wp:featuredmedia":[{"embeddable":true,"href":"https:\/\/www.ssdmonticelli.it\/index.php\/wp-json\/wp\/v2\/media\/1899"}],"wp:attachment":[{"href":"https:\/\/www.ssdmonticelli.it\/index.php\/wp-json\/wp\/v2\/media?parent=1898"}],"wp:term":[{"taxonomy":"category","embeddable":true,"href":"https:\/\/www.ssdmonticelli.it\/index.php\/wp-json\/wp\/v2\/categories?post=1898"},{"taxonomy":"post_tag","embeddable":true,"href":"https:\/\/www.ssdmonticelli.it\/index.php\/wp-json\/wp\/v2\/tags?post=1898"}],"curies":[{"name":"wp","href":"https:\/\/api.w.org\/{rel}","templated":true}]}}