{"id":2107,"date":"2016-10-28T09:44:24","date_gmt":"2016-10-28T08:44:24","guid":{"rendered":"http:\/\/asdmonticelli.it\/?p=2107"},"modified":"2016-10-28T09:44:24","modified_gmt":"2016-10-28T08:44:24","slug":"scelta-la-data-per-il-recupero-di-monticelli-chieti","status":"publish","type":"post","link":"https:\/\/www.ssdmonticelli.it\/index.php\/2016\/10\/28\/scelta-la-data-per-il-recupero-di-monticelli-chieti\/","title":{"rendered":"Scelta la data per il recupero di Monticelli &#8211; Chieti"},"content":{"rendered":"<p><strong>Mercoled\u00ec 2 novembre<\/strong> si recuperer\u00e0 <strong>Monticelli-Chieti<\/strong>, partita dell\u20198^giornata del girone F che era stata sospesa per un infortunio occorso all\u2019arbitro Petrella.\u00a0Il calcio d\u2019inizio \u00e8 fissato alle ore <strong>14.30<\/strong>. La partita si svolger\u00e0 presso lo <strong>stadio Comunale di Sant&#8217;Egidio alla Vibrata (TE)<\/strong>, lo stesso in cui si \u00e8 svolto il match tra Monticelli e San Nicol\u00f2.<\/p>\n","protected":false},"excerpt":{"rendered":"<p>Mercoled\u00ec 2 novembre si recuperer\u00e0 Monticelli-Chieti, partita dell\u20198^giornata del girone F che era stata sospesa per un infortunio occorso all\u2019arbitro Petrella.\u00a0Il calcio d\u2019inizio \u00e8 fissato alle ore 14.30. La partita si svolger\u00e0 presso lo stadio Comunale di Sant&#8217;Egidio alla Vibrata (TE), lo stesso in cui si \u00e8 svolto il match tra Monticelli e San Nicol\u00f2.<\/p>\n","protected":false},"author":2,"featured_media":1716,"comment_status":"open","ping_status":"open","sticky":false,"template":"","format":"standard","meta":{"footnotes":""},"categories":[1],"tags":[],"class_list":["post-2107","post","type-post","status-publish","format-standard","has-post-thumbnail","hentry","category-uncategorized"],"jetpack_featured_media_url":"https:\/\/www.ssdmonticelli.it\/wp-content\/uploads\/2016\/09\/abbonamenti_1_small-1.png","_links":{"self":[{"href":"https:\/\/www.ssdmonticelli.it\/index.php\/wp-json\/wp\/v2\/posts\/2107","targetHints":{"allow":["GET"]}}],"collection":[{"href":"https:\/\/www.ssdmonticelli.it\/index.php\/wp-json\/wp\/v2\/posts"}],"about":[{"href":"https:\/\/www.ssdmonticelli.it\/index.php\/wp-json\/wp\/v2\/types\/post"}],"author":[{"embeddable":true,"href":"https:\/\/www.ssdmonticelli.it\/index.php\/wp-json\/wp\/v2\/users\/2"}],"replies":[{"embeddable":true,"href":"https:\/\/www.ssdmonticelli.it\/index.php\/wp-json\/wp\/v2\/comments?post=2107"}],"version-history":[{"count":1,"href":"https:\/\/www.ssdmonticelli.it\/index.php\/wp-json\/wp\/v2\/posts\/2107\/revisions"}],"predecessor-version":[{"id":2108,"href":"https:\/\/www.ssdmonticelli.it\/index.php\/wp-json\/wp\/v2\/posts\/2107\/revisions\/2108"}],"wp:featuredmedia":[{"embeddable":true,"href":"https:\/\/www.ssdmonticelli.it\/index.php\/wp-json\/wp\/v2\/media\/1716"}],"wp:attachment":[{"href":"https:\/\/www.ssdmonticelli.it\/index.php\/wp-json\/wp\/v2\/media?parent=2107"}],"wp:term":[{"taxonomy":"category","embeddable":true,"href":"https:\/\/www.ssdmonticelli.it\/index.php\/wp-json\/wp\/v2\/categories?post=2107"},{"taxonomy":"post_tag","embeddable":true,"href":"https:\/\/www.ssdmonticelli.it\/index.php\/wp-json\/wp\/v2\/tags?post=2107"}],"curies":[{"name":"wp","href":"https:\/\/api.w.org\/{rel}","templated":true}]}}