{"id":2620,"date":"2017-01-26T09:17:33","date_gmt":"2017-01-26T08:17:33","guid":{"rendered":"http:\/\/asdmonticelli.it\/?p=2620"},"modified":"2017-01-26T09:17:33","modified_gmt":"2017-01-26T08:17:33","slug":"il-nuovo-direttore-sportivo-e-luigi-cima","status":"publish","type":"post","link":"https:\/\/www.ssdmonticelli.it\/index.php\/2017\/01\/26\/il-nuovo-direttore-sportivo-e-luigi-cima\/","title":{"rendered":"Il nuovo Direttore Sportivo \u00e8 Luigi Cima"},"content":{"rendered":"<p>La societ\u00e0 del Presidente Piero Palatroni arricchisce il proprio organigramma con un nuovo Direttore Sportivo. Sar\u00e0 Luigi Cima, nativo di Nereto, a ricoprire questo delicato compito.<\/p>\n<p>Nella sua lunga esperienza \u00e8 stato il Direttore Sportivo dell&#8217;Ortona in Serie D, ha lavorato tre anni a Roseto dall&#8217;Eccellenza fino alla Serie C2 ed \u00e8 stato Capo degli Osservatori del Teramo.<\/p>\n<p>A lui vanno i miglior auguri di buon lavoro da parte di tutta la societ\u00e0 e dei suoi tesserati.<\/p>\n<p>&nbsp;<\/p>\n","protected":false},"excerpt":{"rendered":"<p>La societ\u00e0 del Presidente Piero Palatroni arricchisce il proprio organigramma con un nuovo Direttore Sportivo. Sar\u00e0 Luigi Cima, nativo di Nereto, a ricoprire questo delicato compito. Nella sua lunga esperienza \u00e8 stato il Direttore Sportivo dell&#8217;Ortona in Serie D, ha lavorato tre anni a Roseto dall&#8217;Eccellenza fino alla Serie C2 ed \u00e8 stato Capo degli&#8230; <\/p>\n<div class=\"clear\"><\/div>\n<p><a href=\"https:\/\/www.ssdmonticelli.it\/index.php\/2017\/01\/26\/il-nuovo-direttore-sportivo-e-luigi-cima\/\" class=\"excerpt-read-more\">Read More<\/a><\/p>\n","protected":false},"author":2,"featured_media":2621,"comment_status":"open","ping_status":"open","sticky":false,"template":"","format":"standard","meta":{"footnotes":""},"categories":[1],"tags":[],"class_list":["post-2620","post","type-post","status-publish","format-standard","has-post-thumbnail","hentry","category-uncategorized"],"jetpack_featured_media_url":"https:\/\/www.ssdmonticelli.it\/wp-content\/uploads\/2017\/01\/luigi-cima.jpg","_links":{"self":[{"href":"https:\/\/www.ssdmonticelli.it\/index.php\/wp-json\/wp\/v2\/posts\/2620","targetHints":{"allow":["GET"]}}],"collection":[{"href":"https:\/\/www.ssdmonticelli.it\/index.php\/wp-json\/wp\/v2\/posts"}],"about":[{"href":"https:\/\/www.ssdmonticelli.it\/index.php\/wp-json\/wp\/v2\/types\/post"}],"author":[{"embeddable":true,"href":"https:\/\/www.ssdmonticelli.it\/index.php\/wp-json\/wp\/v2\/users\/2"}],"replies":[{"embeddable":true,"href":"https:\/\/www.ssdmonticelli.it\/index.php\/wp-json\/wp\/v2\/comments?post=2620"}],"version-history":[{"count":1,"href":"https:\/\/www.ssdmonticelli.it\/index.php\/wp-json\/wp\/v2\/posts\/2620\/revisions"}],"predecessor-version":[{"id":2622,"href":"https:\/\/www.ssdmonticelli.it\/index.php\/wp-json\/wp\/v2\/posts\/2620\/revisions\/2622"}],"wp:featuredmedia":[{"embeddable":true,"href":"https:\/\/www.ssdmonticelli.it\/index.php\/wp-json\/wp\/v2\/media\/2621"}],"wp:attachment":[{"href":"https:\/\/www.ssdmonticelli.it\/index.php\/wp-json\/wp\/v2\/media?parent=2620"}],"wp:term":[{"taxonomy":"category","embeddable":true,"href":"https:\/\/www.ssdmonticelli.it\/index.php\/wp-json\/wp\/v2\/categories?post=2620"},{"taxonomy":"post_tag","embeddable":true,"href":"https:\/\/www.ssdmonticelli.it\/index.php\/wp-json\/wp\/v2\/tags?post=2620"}],"curies":[{"name":"wp","href":"https:\/\/api.w.org\/{rel}","templated":true}]}}