{"id":3428,"date":"2017-10-11T14:26:49","date_gmt":"2017-10-11T13:26:49","guid":{"rendered":"http:\/\/www.ssdmonticelli.it\/?p=3428"},"modified":"2017-10-11T14:26:49","modified_gmt":"2017-10-11T13:26:49","slug":"marco-mallus-monticelli-ambiente-familiare-ho-ringraziato-tutti-per-come-sono-stato-accolto","status":"publish","type":"post","link":"https:\/\/www.ssdmonticelli.it\/index.php\/2017\/10\/11\/marco-mallus-monticelli-ambiente-familiare-ho-ringraziato-tutti-per-come-sono-stato-accolto\/","title":{"rendered":"Marco Mallus: &#8220;Monticelli ambiente familiare; ho ringraziato tutti per come sono stato accolto&#8221;"},"content":{"rendered":"<p>Marco Mallus difensore 35enne arrivato &#8220;in corsa&#8221; quattro settimane fa, e con una giornata di squalifica ancora da scontare, ha parlato della sua esperienza a Monticelli e del momento che sta attraversando la squadra.<\/p>\n<p>&#8220;Qui ho trovato un ambiente bello e familiare; in settimana ho avuto gi\u00e0 modo di ringraziare tutti per come mi hanno accolto. Sono contento di essere qui e voglio dare il mio contributo per arrivare all&#8217;obiettivo che ci siamo prefissati.<\/p>\n<p>Quando ero pi\u00f9 giovane i miei compagni con pi\u00f9 esperienza avevano il compito e la forza per trascinare tutti nei momenti di difficolt\u00e0. Ora mi trovo io in questo ruolo e mi assumo volentieri la responsabilit\u00e0, insieme ai miei compagni pi\u00f9 esperti, di aiutare i giovani nella loro crescita.<\/p>\n<p>Ora bisogna fare risultato e alzare il livello di attenzione; le prestazioni ci sono sempre state ma non possiamo pi\u00f9 commettere errori. Ma sappiamo che il campionato \u00e8 lungo e in queste prime partite abbiamo incontrato e incontreremo tutte le squadre pi\u00f9 forti e che si giocheranno la vittoria finale. Noi speriamo di vincere il prima possibile per acquisire quella tranquillit\u00e0 e quella serenit\u00e0 che ti aiutano ad affrontare al meglio la settimana permettendo a singoli e squadra di esprimersi al massimo delle qualit\u00e0. Senza serenit\u00e0 l&#8217;ansia da prestazione non fa bene a nessuno.<\/p>\n<p>Negli ultimi 10 anni ho giocato sempre a tre dietro; vengo da cinque anni con mister Cornacchini dove abbiamo giocato sempre cosi ma mi adatto tranquillamente a quello che vuole e mi chiede il mister&#8221;.<\/p>\n<p>&nbsp;<\/p>\n<p>&nbsp;<\/p>\n","protected":false},"excerpt":{"rendered":"<p>Marco Mallus difensore 35enne arrivato &#8220;in corsa&#8221; quattro settimane fa, e con una giornata di squalifica ancora da scontare, ha parlato della sua esperienza a Monticelli e del momento che sta attraversando la squadra. &#8220;Qui ho trovato un ambiente bello e familiare; in settimana ho avuto gi\u00e0 modo di ringraziare tutti per come mi hanno&#8230; <\/p>\n<div class=\"clear\"><\/div>\n<p><a href=\"https:\/\/www.ssdmonticelli.it\/index.php\/2017\/10\/11\/marco-mallus-monticelli-ambiente-familiare-ho-ringraziato-tutti-per-come-sono-stato-accolto\/\" class=\"excerpt-read-more\">Read More<\/a><\/p>\n","protected":false},"author":2,"featured_media":3307,"comment_status":"open","ping_status":"open","sticky":false,"template":"","format":"standard","meta":{"footnotes":""},"categories":[1],"tags":[],"class_list":["post-3428","post","type-post","status-publish","format-standard","has-post-thumbnail","hentry","category-uncategorized"],"jetpack_featured_media_url":"https:\/\/www.ssdmonticelli.it\/wp-content\/uploads\/2017\/09\/mallus.jpg","_links":{"self":[{"href":"https:\/\/www.ssdmonticelli.it\/index.php\/wp-json\/wp\/v2\/posts\/3428","targetHints":{"allow":["GET"]}}],"collection":[{"href":"https:\/\/www.ssdmonticelli.it\/index.php\/wp-json\/wp\/v2\/posts"}],"about":[{"href":"https:\/\/www.ssdmonticelli.it\/index.php\/wp-json\/wp\/v2\/types\/post"}],"author":[{"embeddable":true,"href":"https:\/\/www.ssdmonticelli.it\/index.php\/wp-json\/wp\/v2\/users\/2"}],"replies":[{"embeddable":true,"href":"https:\/\/www.ssdmonticelli.it\/index.php\/wp-json\/wp\/v2\/comments?post=3428"}],"version-history":[{"count":1,"href":"https:\/\/www.ssdmonticelli.it\/index.php\/wp-json\/wp\/v2\/posts\/3428\/revisions"}],"predecessor-version":[{"id":3429,"href":"https:\/\/www.ssdmonticelli.it\/index.php\/wp-json\/wp\/v2\/posts\/3428\/revisions\/3429"}],"wp:featuredmedia":[{"embeddable":true,"href":"https:\/\/www.ssdmonticelli.it\/index.php\/wp-json\/wp\/v2\/media\/3307"}],"wp:attachment":[{"href":"https:\/\/www.ssdmonticelli.it\/index.php\/wp-json\/wp\/v2\/media?parent=3428"}],"wp:term":[{"taxonomy":"category","embeddable":true,"href":"https:\/\/www.ssdmonticelli.it\/index.php\/wp-json\/wp\/v2\/categories?post=3428"},{"taxonomy":"post_tag","embeddable":true,"href":"https:\/\/www.ssdmonticelli.it\/index.php\/wp-json\/wp\/v2\/tags?post=3428"}],"curies":[{"name":"wp","href":"https:\/\/api.w.org\/{rel}","templated":true}]}}