{"id":3559,"date":"2017-11-18T18:35:41","date_gmt":"2017-11-18T17:35:41","guid":{"rendered":"http:\/\/www.ssdmonticelli.it\/?p=3559"},"modified":"2017-11-18T18:35:41","modified_gmt":"2017-11-18T17:35:41","slug":"le-parole-di-mister-stallone-e-i-convocati","status":"publish","type":"post","link":"https:\/\/www.ssdmonticelli.it\/index.php\/2017\/11\/18\/le-parole-di-mister-stallone-e-i-convocati\/","title":{"rendered":"Le parole di mister Stallone e i convocati"},"content":{"rendered":"<p>Le parole di mister Stallone al termine della rifinitura in vista di Monticelli &#8211; Fabriano Cerreto:<\/p>\n<p>&nbsp;<\/p>\n<p>&#8220;La settimana \u00e8 stata difficile, una delle pi\u00f9 difficili. Fino a questo momento avevamo perso contro squadre che avevamo considerato nella parte sinistra della classifica, sabato scorso abbiamo perso uno scontro diretto e quindi chiaramente pesa maggiormente. L&#8217;abbiamo perso creando cinque &#8211; sei palle gol, tra cui il gol di Guida ingiustamente annullato. Rammarico doppio quindi e un amaro in bocca derivante dal fatto che lasciarsi sfuggire un traguardo che vedi raggiungibile pu\u00f2 creare ripercussioni a livello psicologico.<\/p>\n<p>Abbiamo avuto anche qualche problema fisico ma \u00e8 stata una settimana che \u00e8 servita: ognuno ha preso i suoi fantasmi e se li \u00e8 scrollati di dosso. Mi aspetto un gruppo che torni ad essere il Monticelli mettendo da parte tutte le paure psicologiche e si riveda quella squadra che a inizio campionato faceva ben sperare per il gioco espresso. Mi aspetto davvero che, aldil\u00e0 del risultato, domenica inizi un altro campionato.<\/p>\n<p>Il Fabriano \u00e8 una squadra importate di una citt\u00e0 importante che economicamente ha un suo valore. \u00c8 una neo promossa che vuole fare bene con un allenatore bravo e preparatissimo. Loro come noi vogliono uscire dal periodo di crisi ma noi non dobbiamo guardare in faccia nessuno. Auguro un in bocca al lupo al Fabriano ma a cominciare da domenica sera&#8221;.<\/p>\n<p>&nbsp;<\/p>\n<p>I convocati:<\/p>\n<p>Aloisi, Bont\u00e0, Bruni, Castellana, Ciabuschi, Cocchieri, De Vecchis, Di Lorenzo, Fazzini, Gabrielli, Gesu\u00e8, Guerra, Guida, Iachini, Marani, Pedalino, Pierantozzi, Ragatzu, Sosi, Terrenzio.<\/p>\n","protected":false},"excerpt":{"rendered":"<p>Le parole di mister Stallone al termine della rifinitura in vista di Monticelli &#8211; Fabriano Cerreto: &nbsp; &#8220;La settimana \u00e8 stata difficile, una delle pi\u00f9 difficili. Fino a questo momento avevamo perso contro squadre che avevamo considerato nella parte sinistra della classifica, sabato scorso abbiamo perso uno scontro diretto e quindi chiaramente pesa maggiormente. L&#8217;abbiamo&#8230; <\/p>\n<div class=\"clear\"><\/div>\n<p><a href=\"https:\/\/www.ssdmonticelli.it\/index.php\/2017\/11\/18\/le-parole-di-mister-stallone-e-i-convocati\/\" class=\"excerpt-read-more\">Read More<\/a><\/p>\n","protected":false},"author":2,"featured_media":3444,"comment_status":"open","ping_status":"open","sticky":false,"template":"","format":"standard","meta":{"footnotes":""},"categories":[1],"tags":[],"class_list":["post-3559","post","type-post","status-publish","format-standard","has-post-thumbnail","hentry","category-uncategorized"],"jetpack_featured_media_url":"https:\/\/www.ssdmonticelli.it\/wp-content\/uploads\/2017\/10\/MD4_1637.jpg","_links":{"self":[{"href":"https:\/\/www.ssdmonticelli.it\/index.php\/wp-json\/wp\/v2\/posts\/3559","targetHints":{"allow":["GET"]}}],"collection":[{"href":"https:\/\/www.ssdmonticelli.it\/index.php\/wp-json\/wp\/v2\/posts"}],"about":[{"href":"https:\/\/www.ssdmonticelli.it\/index.php\/wp-json\/wp\/v2\/types\/post"}],"author":[{"embeddable":true,"href":"https:\/\/www.ssdmonticelli.it\/index.php\/wp-json\/wp\/v2\/users\/2"}],"replies":[{"embeddable":true,"href":"https:\/\/www.ssdmonticelli.it\/index.php\/wp-json\/wp\/v2\/comments?post=3559"}],"version-history":[{"count":1,"href":"https:\/\/www.ssdmonticelli.it\/index.php\/wp-json\/wp\/v2\/posts\/3559\/revisions"}],"predecessor-version":[{"id":3560,"href":"https:\/\/www.ssdmonticelli.it\/index.php\/wp-json\/wp\/v2\/posts\/3559\/revisions\/3560"}],"wp:featuredmedia":[{"embeddable":true,"href":"https:\/\/www.ssdmonticelli.it\/index.php\/wp-json\/wp\/v2\/media\/3444"}],"wp:attachment":[{"href":"https:\/\/www.ssdmonticelli.it\/index.php\/wp-json\/wp\/v2\/media?parent=3559"}],"wp:term":[{"taxonomy":"category","embeddable":true,"href":"https:\/\/www.ssdmonticelli.it\/index.php\/wp-json\/wp\/v2\/categories?post=3559"},{"taxonomy":"post_tag","embeddable":true,"href":"https:\/\/www.ssdmonticelli.it\/index.php\/wp-json\/wp\/v2\/tags?post=3559"}],"curies":[{"name":"wp","href":"https:\/\/api.w.org\/{rel}","templated":true}]}}