{"id":3570,"date":"2017-11-24T18:32:06","date_gmt":"2017-11-24T17:32:06","guid":{"rendered":"http:\/\/www.ssdmonticelli.it\/?p=3570"},"modified":"2017-11-24T18:32:06","modified_gmt":"2017-11-24T17:32:06","slug":"le-parole-di-stallone-pre-nerostellati-e-i-convocati-per-domani","status":"publish","type":"post","link":"https:\/\/www.ssdmonticelli.it\/index.php\/2017\/11\/24\/le-parole-di-stallone-pre-nerostellati-e-i-convocati-per-domani\/","title":{"rendered":"Le parole di Stallone pre Nerostellati e i convocati per domani"},"content":{"rendered":"<p>Mister Stallone ha parlato al termine della rifinitura in vista dell&#8217;anticipo di Sulmona contro i Nerostellati:<\/p>\n<p>&#8220;Questa \u00e8 stata una settimana difficile, dove i giocatori hanno subito il contraccolpo per la sconfitta in casa contro una diretta avversaria. Settimana difficile ma anche importante e di concentrazione; arriva un altro scontro diretto tra le ultime due della classe, una guerra tra poveri e quindi una guerra difficile e che non si pu\u00f2 sbagliare. Aldil\u00e0 delle tante avversit\u00e0 che abbiamo avuto fino ad oggi non possiamo sbagliare.<\/p>\n<p>Abbiamo avuto un problema di continuit\u00e0 e equilibrio per le tante assenze. In questa settimana abbiamo cercato di riprendere i movimenti e le idee sulle quali avevamo lavorato di pi\u00f9 in fase di preparazione. Invece di ottimizzare in base a chi avevamo a disposizione siamo ripartiti dalle certezze del metodo con cui abbiamo lavorato in fase iniziale per dare ai giocatori qualcosa su cui trovare solidit\u00e0&#8221;.<\/p>\n<p>&nbsp;<\/p>\n<p><strong>Convocati:<\/strong><\/p>\n<p><em>Bont\u00e0, Bruni, Castellana, Ciabuschi, Cocchieri, De Vecchis, Di Lorenzo, Di Giorgio, Fazzini, Gabrielli, Gesu\u00e8, Guerra, Guida, Marani, Pedalino, Petrarulo, Pierantozzi, Ragatzu, Sosi, Terrenzio<\/em><\/p>\n","protected":false},"excerpt":{"rendered":"<p>Mister Stallone ha parlato al termine della rifinitura in vista dell&#8217;anticipo di Sulmona contro i Nerostellati: &#8220;Questa \u00e8 stata una settimana difficile, dove i giocatori hanno subito il contraccolpo per la sconfitta in casa contro una diretta avversaria. Settimana difficile ma anche importante e di concentrazione; arriva un altro scontro diretto tra le ultime due&#8230; <\/p>\n<div class=\"clear\"><\/div>\n<p><a href=\"https:\/\/www.ssdmonticelli.it\/index.php\/2017\/11\/24\/le-parole-di-stallone-pre-nerostellati-e-i-convocati-per-domani\/\" class=\"excerpt-read-more\">Read More<\/a><\/p>\n","protected":false},"author":2,"featured_media":2113,"comment_status":"open","ping_status":"open","sticky":false,"template":"","format":"standard","meta":{"footnotes":""},"categories":[1],"tags":[],"class_list":["post-3570","post","type-post","status-publish","format-standard","has-post-thumbnail","hentry","category-uncategorized"],"jetpack_featured_media_url":"https:\/\/www.ssdmonticelli.it\/wp-content\/uploads\/2016\/10\/DSC_5384.jpg","_links":{"self":[{"href":"https:\/\/www.ssdmonticelli.it\/index.php\/wp-json\/wp\/v2\/posts\/3570","targetHints":{"allow":["GET"]}}],"collection":[{"href":"https:\/\/www.ssdmonticelli.it\/index.php\/wp-json\/wp\/v2\/posts"}],"about":[{"href":"https:\/\/www.ssdmonticelli.it\/index.php\/wp-json\/wp\/v2\/types\/post"}],"author":[{"embeddable":true,"href":"https:\/\/www.ssdmonticelli.it\/index.php\/wp-json\/wp\/v2\/users\/2"}],"replies":[{"embeddable":true,"href":"https:\/\/www.ssdmonticelli.it\/index.php\/wp-json\/wp\/v2\/comments?post=3570"}],"version-history":[{"count":1,"href":"https:\/\/www.ssdmonticelli.it\/index.php\/wp-json\/wp\/v2\/posts\/3570\/revisions"}],"predecessor-version":[{"id":3571,"href":"https:\/\/www.ssdmonticelli.it\/index.php\/wp-json\/wp\/v2\/posts\/3570\/revisions\/3571"}],"wp:featuredmedia":[{"embeddable":true,"href":"https:\/\/www.ssdmonticelli.it\/index.php\/wp-json\/wp\/v2\/media\/2113"}],"wp:attachment":[{"href":"https:\/\/www.ssdmonticelli.it\/index.php\/wp-json\/wp\/v2\/media?parent=3570"}],"wp:term":[{"taxonomy":"category","embeddable":true,"href":"https:\/\/www.ssdmonticelli.it\/index.php\/wp-json\/wp\/v2\/categories?post=3570"},{"taxonomy":"post_tag","embeddable":true,"href":"https:\/\/www.ssdmonticelli.it\/index.php\/wp-json\/wp\/v2\/tags?post=3570"}],"curies":[{"name":"wp","href":"https:\/\/api.w.org\/{rel}","templated":true}]}}