{"id":3575,"date":"2017-11-26T15:13:13","date_gmt":"2017-11-26T14:13:13","guid":{"rendered":"http:\/\/www.ssdmonticelli.it\/?p=3575"},"modified":"2017-11-26T15:13:13","modified_gmt":"2017-11-26T14:13:13","slug":"i-giovanissimi-regionali-sono-una-furia-sambenedettese-battuta-5-1","status":"publish","type":"post","link":"https:\/\/www.ssdmonticelli.it\/index.php\/2017\/11\/26\/i-giovanissimi-regionali-sono-una-furia-sambenedettese-battuta-5-1\/","title":{"rendered":"I Giovanissimi Regionali sono una furia: Sambenedettese battuta 5-1"},"content":{"rendered":"<p>Nella giornata di oggi \u00e8 iniziata la 14^ edizione del torneo &#8220;Memorial Antonio Catani&#8221; riservato alle squadre vincitrici dei 12 gironi provinciali organizzati dalle Delegazioni di Macerata, Fermo e Ascoli Piceno. Si tratta di un anticipo del campionato regionale che inizier\u00e0 nelle prossime settimane.<\/p>\n<p>Il Monticelli di mister Claudio Pierantozzi ha battuto l&#8217;Elit\u00e8 Samb per 5-1 con una prestazione perfetta e che poteva avere un risultato ancora pi\u00f9 rotondo. L&#8217;Elit\u00e8 Samb ha vinto il proprio girone a punteggio pieno con un ruolino di marcia impressionante; la stessa cosa i ragazzi del Monticelli che si sono qualificati per la fase regionale a suon di vittorie. La sfida di oggi ha visto per\u00f2 il Monticelli prevalere in maniera netta.<\/p>\n<p>Monticelli &#8211; Elit\u00e8 Samb 5-1<\/p>\n<p>MONTICELLI: Cerini, Filipponi, Sbrolla, Fradeani, Zappasodi, Paoletti, Spicocchi, Spinelli, De Angelis, Del Marro, Poli.<br \/>\nA disp. Tedeschi, Fioravanti, Clementi, D&#8217;Intino, Aniballi, Gasmi, Casalena.<br \/>\nAll. Claudio Pierantozzi<\/p>\n<p>Elit\u00e8 Samb: Filipponi, Fiscaletti, Sterpi, Ferretti, Di Girolamo, Scarponi, Curzi, Nurcja, Pacchioli, Benigni, Capparuccini.<br \/>\nA disp. Malavolta, De Antoniis, Spinelli, Corsi, Capriotti, Todisco, Bartolacci,<br \/>\nAll. Lo Schiavo<\/p>\n<p>Reti: Del Marro (3), Casalena (2)<\/p>\n","protected":false},"excerpt":{"rendered":"<p>Nella giornata di oggi \u00e8 iniziata la 14^ edizione del torneo &#8220;Memorial Antonio Catani&#8221; riservato alle squadre vincitrici dei 12 gironi provinciali organizzati dalle Delegazioni di Macerata, Fermo e Ascoli Piceno. Si tratta di un anticipo del campionato regionale che inizier\u00e0 nelle prossime settimane. Il Monticelli di mister Claudio Pierantozzi ha battuto l&#8217;Elit\u00e8 Samb per&#8230; <\/p>\n<div class=\"clear\"><\/div>\n<p><a href=\"https:\/\/www.ssdmonticelli.it\/index.php\/2017\/11\/26\/i-giovanissimi-regionali-sono-una-furia-sambenedettese-battuta-5-1\/\" class=\"excerpt-read-more\">Read More<\/a><\/p>\n","protected":false},"author":2,"featured_media":3432,"comment_status":"open","ping_status":"open","sticky":false,"template":"","format":"standard","meta":{"footnotes":""},"categories":[1],"tags":[],"class_list":["post-3575","post","type-post","status-publish","format-standard","has-post-thumbnail","hentry","category-uncategorized"],"jetpack_featured_media_url":"https:\/\/www.ssdmonticelli.it\/wp-content\/uploads\/2017\/10\/pierantozzi.jpg","_links":{"self":[{"href":"https:\/\/www.ssdmonticelli.it\/index.php\/wp-json\/wp\/v2\/posts\/3575","targetHints":{"allow":["GET"]}}],"collection":[{"href":"https:\/\/www.ssdmonticelli.it\/index.php\/wp-json\/wp\/v2\/posts"}],"about":[{"href":"https:\/\/www.ssdmonticelli.it\/index.php\/wp-json\/wp\/v2\/types\/post"}],"author":[{"embeddable":true,"href":"https:\/\/www.ssdmonticelli.it\/index.php\/wp-json\/wp\/v2\/users\/2"}],"replies":[{"embeddable":true,"href":"https:\/\/www.ssdmonticelli.it\/index.php\/wp-json\/wp\/v2\/comments?post=3575"}],"version-history":[{"count":1,"href":"https:\/\/www.ssdmonticelli.it\/index.php\/wp-json\/wp\/v2\/posts\/3575\/revisions"}],"predecessor-version":[{"id":3576,"href":"https:\/\/www.ssdmonticelli.it\/index.php\/wp-json\/wp\/v2\/posts\/3575\/revisions\/3576"}],"wp:featuredmedia":[{"embeddable":true,"href":"https:\/\/www.ssdmonticelli.it\/index.php\/wp-json\/wp\/v2\/media\/3432"}],"wp:attachment":[{"href":"https:\/\/www.ssdmonticelli.it\/index.php\/wp-json\/wp\/v2\/media?parent=3575"}],"wp:term":[{"taxonomy":"category","embeddable":true,"href":"https:\/\/www.ssdmonticelli.it\/index.php\/wp-json\/wp\/v2\/categories?post=3575"},{"taxonomy":"post_tag","embeddable":true,"href":"https:\/\/www.ssdmonticelli.it\/index.php\/wp-json\/wp\/v2\/tags?post=3575"}],"curies":[{"name":"wp","href":"https:\/\/api.w.org\/{rel}","templated":true}]}}