{"id":3694,"date":"2018-01-06T14:54:59","date_gmt":"2018-01-06T13:54:59","guid":{"rendered":"http:\/\/www.ssdmonticelli.it\/?p=3694"},"modified":"2018-01-06T14:54:59","modified_gmt":"2018-01-06T13:54:59","slug":"le-parole-di-stallone-e-i-convocati-per-la-sfida-con-laquila","status":"publish","type":"post","link":"https:\/\/www.ssdmonticelli.it\/index.php\/2018\/01\/06\/le-parole-di-stallone-e-i-convocati-per-la-sfida-con-laquila\/","title":{"rendered":"Le parole di Stallone e i convocati per la sfida con L&#8217;Aquila"},"content":{"rendered":"<p>Mister stallone ha parlato al termine della rifinitura mattutina:<\/p>\n<p>&#8220;Abbiamo ritrovato nelle ultime settimane la compattezza, l&#8217;identit\u00e0 di squadra e lo spirito di gruppo. Non possiamo nascondere il fatto che perdere 13 giocatori ha portato delle difficolt\u00e0, soprattutto numeriche, nella rosa a disposizione. In queste difficolt\u00e0 per\u00f2 siamo usciti fuori e abbiamo trasformato quello che poteva essere un fatto negativo in un&#8217;opportunit\u00e0 positiva.<\/p>\n<p>Qualsiasi altro allenatore si sarebbe lamentato di tutte quelle partenze: noi da li invece siamo partiti\u00a0 per ricostruire il gruppo e, compresa la vittoria di coppa con il Francavilla, siamo arrivati a quattro risultati utili consecutivi.<\/p>\n<p>Abbiamo trasformato tutto quello che ci \u00e8 successo in energia positiva e i ragazzi sono pi\u00f9 uniti che mai per raggiungere una salvezza che sarebbe davvero storica. Il clima che si respira al campo \u00e8 un buonissimo clima con tutti i ragazzi decisi, grintosi ma con il sorriso sulle labbra. Vogliamo arrivare al nostro obiettivo e lotteremo su ogni pallone e fino all&#8217;ultimo minuto di questo campionato&#8221;.<\/p>\n<p>&nbsp;<\/p>\n<p>I CONVOCATI:<\/p>\n<p>Aloisi, Bassini, Bracciatelli, Cantalamessa, Castellana, Ciabuschi, Cocchieri, Di Lorenzo, Fazzini, Gabrielli, Galli, Gesu\u00e8, Giorno, Marani, Margarita, Petrarulo, Pierantozzi, Sosi, Vallorani, Zenobi.<\/p>\n","protected":false},"excerpt":{"rendered":"<p>Mister stallone ha parlato al termine della rifinitura mattutina: &#8220;Abbiamo ritrovato nelle ultime settimane la compattezza, l&#8217;identit\u00e0 di squadra e lo spirito di gruppo. Non possiamo nascondere il fatto che perdere 13 giocatori ha portato delle difficolt\u00e0, soprattutto numeriche, nella rosa a disposizione. In queste difficolt\u00e0 per\u00f2 siamo usciti fuori e abbiamo trasformato quello che&#8230; <\/p>\n<div class=\"clear\"><\/div>\n<p><a href=\"https:\/\/www.ssdmonticelli.it\/index.php\/2018\/01\/06\/le-parole-di-stallone-e-i-convocati-per-la-sfida-con-laquila\/\" class=\"excerpt-read-more\">Read More<\/a><\/p>\n","protected":false},"author":2,"featured_media":3126,"comment_status":"open","ping_status":"open","sticky":false,"template":"","format":"standard","meta":{"footnotes":""},"categories":[1],"tags":[],"class_list":["post-3694","post","type-post","status-publish","format-standard","has-post-thumbnail","hentry","category-uncategorized"],"jetpack_featured_media_url":"https:\/\/www.ssdmonticelli.it\/wp-content\/uploads\/2017\/07\/DSC_0003.jpg","_links":{"self":[{"href":"https:\/\/www.ssdmonticelli.it\/index.php\/wp-json\/wp\/v2\/posts\/3694","targetHints":{"allow":["GET"]}}],"collection":[{"href":"https:\/\/www.ssdmonticelli.it\/index.php\/wp-json\/wp\/v2\/posts"}],"about":[{"href":"https:\/\/www.ssdmonticelli.it\/index.php\/wp-json\/wp\/v2\/types\/post"}],"author":[{"embeddable":true,"href":"https:\/\/www.ssdmonticelli.it\/index.php\/wp-json\/wp\/v2\/users\/2"}],"replies":[{"embeddable":true,"href":"https:\/\/www.ssdmonticelli.it\/index.php\/wp-json\/wp\/v2\/comments?post=3694"}],"version-history":[{"count":1,"href":"https:\/\/www.ssdmonticelli.it\/index.php\/wp-json\/wp\/v2\/posts\/3694\/revisions"}],"predecessor-version":[{"id":3695,"href":"https:\/\/www.ssdmonticelli.it\/index.php\/wp-json\/wp\/v2\/posts\/3694\/revisions\/3695"}],"wp:featuredmedia":[{"embeddable":true,"href":"https:\/\/www.ssdmonticelli.it\/index.php\/wp-json\/wp\/v2\/media\/3126"}],"wp:attachment":[{"href":"https:\/\/www.ssdmonticelli.it\/index.php\/wp-json\/wp\/v2\/media?parent=3694"}],"wp:term":[{"taxonomy":"category","embeddable":true,"href":"https:\/\/www.ssdmonticelli.it\/index.php\/wp-json\/wp\/v2\/categories?post=3694"},{"taxonomy":"post_tag","embeddable":true,"href":"https:\/\/www.ssdmonticelli.it\/index.php\/wp-json\/wp\/v2\/tags?post=3694"}],"curies":[{"name":"wp","href":"https:\/\/api.w.org\/{rel}","templated":true}]}}