{"id":4028,"date":"2018-04-12T16:04:53","date_gmt":"2018-04-12T15:04:53","guid":{"rendered":"http:\/\/www.ssdmonticelli.it\/?p=4028"},"modified":"2018-04-12T16:04:53","modified_gmt":"2018-04-12T15:04:53","slug":"nicola-aloisi-ci-crediamo-e-ci-abbiamo-sempre-creduto-dobbiamo-affrontare-i-nerostellati-come-se-fossero-il-matelica","status":"publish","type":"post","link":"https:\/\/www.ssdmonticelli.it\/index.php\/2018\/04\/12\/nicola-aloisi-ci-crediamo-e-ci-abbiamo-sempre-creduto-dobbiamo-affrontare-i-nerostellati-come-se-fossero-il-matelica\/","title":{"rendered":"Nicola Aloisi: &#8220;Ci crediamo e ci abbiamo sempre creduto: dobbiamo affrontare i Nerostellati come se fossero il Matelica&#8221;"},"content":{"rendered":"<p>Nicola Aloisi ha festeggiato la presenza numero 30 con la maglia del Monticelli domenica scorsa sul campo del Fabriano Cerreto, realizzando il suo primo gol in Serie D. Un gol che ha portato in casa biancazzurra tre punti fondamentali per continuare a sperare nella salvezza.<\/p>\n<p>&#8220;La partita con il Fabriano Cerreto \u00e8 stata dura e difficile, di sofferenza visto anche il primo caldo. Una vittoria importantissima che ci mantiene in corsa per la salvezza. Poi \u00e8 arrivato anche il mio primo gol stagionale e alla mia et\u00e0 \u00e8 sempre una soddisfazione immensa. Sono molto felice. Dedico la mia marcatura alla mia famiglia che mi ha sostenuto sempre, anche nei momenti pi\u00f9 difficili, e ai miei amici che mi stanno accanto dentro e fuori dal campo.<\/p>\n<p>Lo scorso anno ho fatto un bel campionato, e per questo devo ringraziare il mister, lo staff e tutti i miei compagni che mi hanno dato la possibilit\u00e0 di esordire gi\u00e0 un anno prima rispetto al solito. In questa stagione un infortunio al piede mi ha lasciato fuori per molto tempo ma ora sto bene e voglio dare il mio contributo per raggiungere insieme ai miei compagni l&#8217;obiettivo della salvezza.<\/p>\n<p>Contro i Nerostellati sar\u00e0 una partita importantissima. Dobbiamo allungare la nostra striscia positiva e cercare di vincere in tutti i modi. per noi queste sono quattro finali e ogni partita vale oro. Non dobbiamo sprecare o buttare via nulla, anzi dobbiamo vincerle tutte e quattro con un mentalit\u00e0 vincente gi\u00e0 da domenica prossima. Dovremmo affrontare i Nerostellati come se avessimo davanti il Matelica o la Vis Pesaro.<\/p>\n<p>La salvezza \u00e8 alla nostra portata, ci crediamo come ci abbiamo sempre creduto. non abbiamo mai mollato ma adesso \u00e8 arrivato il momento di metterci ancora qualcosina in pi\u00f9. Dobbiamo aggiungere gioco, cattiveria, grinta, tutti dobbiamo spingerci ancora oltre i nostri limiti per arrivare a questa salvezza che sarebbe storica&#8221;.<\/p>\n<p>&nbsp;<\/p>\n<p>&nbsp;<\/p>\n<p>&nbsp;<\/p>\n","protected":false},"excerpt":{"rendered":"<p>Nicola Aloisi ha festeggiato la presenza numero 30 con la maglia del Monticelli domenica scorsa sul campo del Fabriano Cerreto, realizzando il suo primo gol in Serie D. Un gol che ha portato in casa biancazzurra tre punti fondamentali per continuare a sperare nella salvezza. &#8220;La partita con il Fabriano Cerreto \u00e8 stata dura e&#8230; <\/p>\n<div class=\"clear\"><\/div>\n<p><a href=\"https:\/\/www.ssdmonticelli.it\/index.php\/2018\/04\/12\/nicola-aloisi-ci-crediamo-e-ci-abbiamo-sempre-creduto-dobbiamo-affrontare-i-nerostellati-come-se-fossero-il-matelica\/\" class=\"excerpt-read-more\">Read More<\/a><\/p>\n","protected":false},"author":2,"featured_media":4029,"comment_status":"open","ping_status":"open","sticky":false,"template":"","format":"standard","meta":{"footnotes":""},"categories":[1],"tags":[],"class_list":["post-4028","post","type-post","status-publish","format-standard","has-post-thumbnail","hentry","category-uncategorized"],"jetpack_featured_media_url":"https:\/\/www.ssdmonticelli.it\/wp-content\/uploads\/2018\/04\/aloisi.jpg","_links":{"self":[{"href":"https:\/\/www.ssdmonticelli.it\/index.php\/wp-json\/wp\/v2\/posts\/4028","targetHints":{"allow":["GET"]}}],"collection":[{"href":"https:\/\/www.ssdmonticelli.it\/index.php\/wp-json\/wp\/v2\/posts"}],"about":[{"href":"https:\/\/www.ssdmonticelli.it\/index.php\/wp-json\/wp\/v2\/types\/post"}],"author":[{"embeddable":true,"href":"https:\/\/www.ssdmonticelli.it\/index.php\/wp-json\/wp\/v2\/users\/2"}],"replies":[{"embeddable":true,"href":"https:\/\/www.ssdmonticelli.it\/index.php\/wp-json\/wp\/v2\/comments?post=4028"}],"version-history":[{"count":2,"href":"https:\/\/www.ssdmonticelli.it\/index.php\/wp-json\/wp\/v2\/posts\/4028\/revisions"}],"predecessor-version":[{"id":4031,"href":"https:\/\/www.ssdmonticelli.it\/index.php\/wp-json\/wp\/v2\/posts\/4028\/revisions\/4031"}],"wp:featuredmedia":[{"embeddable":true,"href":"https:\/\/www.ssdmonticelli.it\/index.php\/wp-json\/wp\/v2\/media\/4029"}],"wp:attachment":[{"href":"https:\/\/www.ssdmonticelli.it\/index.php\/wp-json\/wp\/v2\/media?parent=4028"}],"wp:term":[{"taxonomy":"category","embeddable":true,"href":"https:\/\/www.ssdmonticelli.it\/index.php\/wp-json\/wp\/v2\/categories?post=4028"},{"taxonomy":"post_tag","embeddable":true,"href":"https:\/\/www.ssdmonticelli.it\/index.php\/wp-json\/wp\/v2\/tags?post=4028"}],"curies":[{"name":"wp","href":"https:\/\/api.w.org\/{rel}","templated":true}]}}