{"id":4469,"date":"2018-12-19T17:13:18","date_gmt":"2018-12-19T16:13:18","guid":{"rendered":"http:\/\/www.ssdmonticelli.it\/?p=4469"},"modified":"2018-12-19T17:13:25","modified_gmt":"2018-12-19T16:13:25","slug":"de-vico-nuovo-allenatore-del-monticelli","status":"publish","type":"post","link":"https:\/\/www.ssdmonticelli.it\/index.php\/2018\/12\/19\/de-vico-nuovo-allenatore-del-monticelli\/","title":{"rendered":"De Vico nuovo allenatore del Monticelli"},"content":{"rendered":"\n<p>Il Monticelli comunica di aver raggiunto l&#8217;accordo con Gianluca De Vico in qualit\u00e0 di tecnico della prima squadra.<br>De Vico, nato a Giulianova, ha allenato diverse realt\u00e0 giovanili come la Berretti del Teramo (nella quale ha avuto modo di incrociare anche mister Vivarini a quel tempo allenatore della Prima Squadra) e i Giovanissimi Nazionali dell&#8217;Ascoli Calcio. Il mister vanta anche esperienze con il San Nicol\u00f2 in Eccellenza e con il Castelnuovo in Promozione. <br>La scelta di De Vico rientra nel progetto che la societ\u00e0 sta portando avanti e che \u00e8 incentrato su un gruppo giovane e locale di calciatori. Il mister ha dimostrato di saper lavorare bene con i giovani e con molti di quelli in rosa ha gi\u00e0 avuto modo di conoscersi nelle sue precedenti esperienze all&#8217;Ascoli e al Teramo.<br>La societ\u00e0 \u00e8 convinta che mister De Vico possa dare un&#8217;importante contributo per raggiungere i due obiettivi prefissati quali la permanenza nel campionato d&#8217;Eccellenza e la valorizzazione dei tanti giovani presenti in squadra.<\/p>\n","protected":false},"excerpt":{"rendered":"<p>Il Monticelli comunica di aver raggiunto l&#8217;accordo con Gianluca De Vico in qualit\u00e0 di tecnico della prima squadra.De Vico, nato a Giulianova, ha allenato diverse realt\u00e0 giovanili come la Berretti del Teramo (nella quale ha avuto modo di incrociare anche mister Vivarini a quel tempo allenatore della Prima Squadra) e i Giovanissimi Nazionali dell&#8217;Ascoli Calcio&#8230;. <\/p>\n<div class=\"clear\"><\/div>\n<p><a href=\"https:\/\/www.ssdmonticelli.it\/index.php\/2018\/12\/19\/de-vico-nuovo-allenatore-del-monticelli\/\" class=\"excerpt-read-more\">Read More<\/a><\/p>\n","protected":false},"author":2,"featured_media":0,"comment_status":"open","ping_status":"open","sticky":false,"template":"","format":"standard","meta":{"footnotes":""},"categories":[1],"tags":[],"class_list":["post-4469","post","type-post","status-publish","format-standard","hentry","category-uncategorized"],"jetpack_featured_media_url":"","_links":{"self":[{"href":"https:\/\/www.ssdmonticelli.it\/index.php\/wp-json\/wp\/v2\/posts\/4469","targetHints":{"allow":["GET"]}}],"collection":[{"href":"https:\/\/www.ssdmonticelli.it\/index.php\/wp-json\/wp\/v2\/posts"}],"about":[{"href":"https:\/\/www.ssdmonticelli.it\/index.php\/wp-json\/wp\/v2\/types\/post"}],"author":[{"embeddable":true,"href":"https:\/\/www.ssdmonticelli.it\/index.php\/wp-json\/wp\/v2\/users\/2"}],"replies":[{"embeddable":true,"href":"https:\/\/www.ssdmonticelli.it\/index.php\/wp-json\/wp\/v2\/comments?post=4469"}],"version-history":[{"count":1,"href":"https:\/\/www.ssdmonticelli.it\/index.php\/wp-json\/wp\/v2\/posts\/4469\/revisions"}],"predecessor-version":[{"id":4470,"href":"https:\/\/www.ssdmonticelli.it\/index.php\/wp-json\/wp\/v2\/posts\/4469\/revisions\/4470"}],"wp:attachment":[{"href":"https:\/\/www.ssdmonticelli.it\/index.php\/wp-json\/wp\/v2\/media?parent=4469"}],"wp:term":[{"taxonomy":"category","embeddable":true,"href":"https:\/\/www.ssdmonticelli.it\/index.php\/wp-json\/wp\/v2\/categories?post=4469"},{"taxonomy":"post_tag","embeddable":true,"href":"https:\/\/www.ssdmonticelli.it\/index.php\/wp-json\/wp\/v2\/tags?post=4469"}],"curies":[{"name":"wp","href":"https:\/\/api.w.org\/{rel}","templated":true}]}}