{"id":4533,"date":"2019-03-07T13:06:52","date_gmt":"2019-03-07T12:06:52","guid":{"rendered":"http:\/\/www.ssdmonticelli.it\/?p=4533"},"modified":"2019-03-07T13:06:58","modified_gmt":"2019-03-07T12:06:58","slug":"setola-al-torneo-di-viareggio","status":"publish","type":"post","link":"https:\/\/www.ssdmonticelli.it\/index.php\/2019\/03\/07\/setola-al-torneo-di-viareggio\/","title":{"rendered":"Setola al Torneo di Viareggio!"},"content":{"rendered":"\n<p>Gioia in casa Monticelli per la convocazione per il torneo di Viareggio di Maykol Setola. L&#8217;attaccante classe 2001 parteciper\u00e0 alla prestigiosa manifestazione giovanile, la pi\u00f9 importante a livello nazionale, in prestito con la maglia degli uruguagi del Club Atlantida Junior. Una convocazione che da prestigio alla formazione ascolana e al settore giovanile guidato in questa stagione da Remo Orsini. Setola nello scorso campionato si era gi\u00e0 messo in mostra nella formazione Allievi Regionali del Monticelli tanto da conquistarsi la partecipazione al Torneo delle Regioni con la maglia delle Marche.<br> Nella stagione attuale, dopo aver iniziato con la Juniores Regionale (9 presenze e 13 gol), \u00e8 entrato in pianta stabile nella rosa della prima squadra.<br> Soddisfazione quindi per il Monticelli e per il proprio settore giovanile che quest&#8217;estate ha iniziato un nuovo ciclo con Remo Orsini e Elio Costantini portando, gi\u00e0 al primo anno, le formazioni Allievi e Giovanissimi al campionato regionale e lottando per le prime posizioni nel campionato Juniores (salvo poi abbandonare i sogni di gloria visto che la rosa \u00e8 passata tutta in prima squadra).<br> Questa convocazione d\u00e0 lustro al percorso (non sicuramente facile) che la societ\u00e0 sta portando avanti con una rosa fatta esclusivamente di giovani locali (il Monticelli \u00e8 di gran lunga la squadra pi\u00f9 giovane di tutte quelle iscritte al campionato di Eccellenza).<br> La squadra del Club Atlantida Junior \u00e8 stata inserita nel girone con Genoa, Livorno e Dukla Praga.<br> In bocca al lupo Maykol e forza Monticelli!<\/p>\n\n\n\n\n","protected":false},"excerpt":{"rendered":"<p>Gioia in casa Monticelli per la convocazione per il torneo di Viareggio di Maykol Setola. L&#8217;attaccante classe 2001 parteciper\u00e0 alla prestigiosa manifestazione giovanile, la pi\u00f9 importante a livello nazionale, in prestito con la maglia degli uruguagi del Club Atlantida Junior. Una convocazione che da prestigio alla formazione ascolana e al settore giovanile guidato in questa&#8230; <\/p>\n<div class=\"clear\"><\/div>\n<p><a href=\"https:\/\/www.ssdmonticelli.it\/index.php\/2019\/03\/07\/setola-al-torneo-di-viareggio\/\" class=\"excerpt-read-more\">Read More<\/a><\/p>\n","protected":false},"author":2,"featured_media":0,"comment_status":"open","ping_status":"open","sticky":false,"template":"","format":"standard","meta":{"footnotes":""},"categories":[1],"tags":[],"class_list":["post-4533","post","type-post","status-publish","format-standard","hentry","category-uncategorized"],"jetpack_featured_media_url":"","_links":{"self":[{"href":"https:\/\/www.ssdmonticelli.it\/index.php\/wp-json\/wp\/v2\/posts\/4533","targetHints":{"allow":["GET"]}}],"collection":[{"href":"https:\/\/www.ssdmonticelli.it\/index.php\/wp-json\/wp\/v2\/posts"}],"about":[{"href":"https:\/\/www.ssdmonticelli.it\/index.php\/wp-json\/wp\/v2\/types\/post"}],"author":[{"embeddable":true,"href":"https:\/\/www.ssdmonticelli.it\/index.php\/wp-json\/wp\/v2\/users\/2"}],"replies":[{"embeddable":true,"href":"https:\/\/www.ssdmonticelli.it\/index.php\/wp-json\/wp\/v2\/comments?post=4533"}],"version-history":[{"count":1,"href":"https:\/\/www.ssdmonticelli.it\/index.php\/wp-json\/wp\/v2\/posts\/4533\/revisions"}],"predecessor-version":[{"id":4534,"href":"https:\/\/www.ssdmonticelli.it\/index.php\/wp-json\/wp\/v2\/posts\/4533\/revisions\/4534"}],"wp:attachment":[{"href":"https:\/\/www.ssdmonticelli.it\/index.php\/wp-json\/wp\/v2\/media?parent=4533"}],"wp:term":[{"taxonomy":"category","embeddable":true,"href":"https:\/\/www.ssdmonticelli.it\/index.php\/wp-json\/wp\/v2\/categories?post=4533"},{"taxonomy":"post_tag","embeddable":true,"href":"https:\/\/www.ssdmonticelli.it\/index.php\/wp-json\/wp\/v2\/tags?post=4533"}],"curies":[{"name":"wp","href":"https:\/\/api.w.org\/{rel}","templated":true}]}}