{"id":4620,"date":"2020-06-21T15:05:51","date_gmt":"2020-06-21T14:05:51","guid":{"rendered":"http:\/\/www.ssdmonticelli.it\/?p=4620"},"modified":"2020-06-21T16:06:10","modified_gmt":"2020-06-21T15:06:10","slug":"il-monticelli-vuole-tornare-grande-alijevic-nuovo-capitano","status":"publish","type":"post","link":"https:\/\/www.ssdmonticelli.it\/index.php\/2020\/06\/21\/il-monticelli-vuole-tornare-grande-alijevic-nuovo-capitano\/","title":{"rendered":"Il Monticelli vuole tornare grande. Alijevic nuovo capitano."},"content":{"rendered":"\n<p>Il presidente Castelli \u00e8 tornato a parlare a conclusione di questa stagione particolare:<\/p>\n\n\n\n<p>\u201cCome tutti sanno nella seconda parte di stagione si \u00e8 giocato tra il poco e il niente \u2013 dice Castelli -. A breve arriver\u00e0 il comunicato ufficiale che ratifica la nostra permanenza in Promozione. Il fatto di giocare un altro campionato in questa categoria ci fa partire con buoni presupposti: ci permette di affrontare il campionato con pi\u00f9 consapevolezza nei nostri mezzi e una maggior conoscenza del campionato e delle squadre avversarie. <\/p>\n\n\n\n<p>Anche se non sappiamo bene come e quando ripartiranno i campionati, ci siamo iniziati a muovere in casa per dare conferme a noi importanti.<\/p>\n\n\n\n<p>Per questo abbiamo blindato una pedina fondamentale per la nostra squadra: sono molto felice di ufficializzare la permanenza di <strong>Damir Alijevic<\/strong>, che tutti conoscono come \u201c<strong>Lo Zar<\/strong>\u201d, fino a fine carriera. <\/p>\n\n\n\n<p>Crediamo molto in un giocatore della sua esperienza e siamo consapevoli che ci dar\u00e0 la carica giusta dentro e fuori dal campo. Damir fu uno degli artefici del <strong>&#8220;Monticelli dei miracoli&#8221;<\/strong> conquistando tre promozioni di fila disputando da protagonista la prima storica stagione in <strong>Serie D<\/strong>.  Nella scorsa estate il suo grande attaccamento alla maglia e alla societ\u00e0 gli ha fatto fare una scelta di cuore che lo ha riportato a Monticelli. Oltre il profilo sportivo lo abbiamo sempre apprezzato sotto il piano umano, grande persona che con responsabilit\u00e0 e umilt\u00e0 si \u00e8 messo sempre a disposizione della squadra aiutando la crescita di molti ragazzi. <\/p>\n\n\n\n<p>Per questo abbiamo deciso che sar\u00e0 proprio lo <strong>Zar<\/strong> il nostro <strong>capitano<\/strong> per le prossime stagioni. Con lui il Monticelli raggiunger\u00e0 obiettivi importanti.<\/p>\n\n\n\n<p>Nei giorni scorsi ho appreso che la giunta comunale ha approvato il <strong>progetto per il rifacimento del nostro campo<\/strong>. Tutti sappiamo quanto sia importante avere un campo a norma nel quartiere, un impianto efficiente per tutte le fasce d\u2019et\u00e0 e per tutte le squadre. Nelle stagioni in D abbiamo faticato tanto sotto questo aspetto, girovagando per molti campi, arrivando addirittura a giocare fuori provincia.  Questo ci ha penalizzato e non poco. <\/p>\n\n\n\n<p>Colgo l\u2019occasione per ringraziare l\u2019amministrazione comunale che \u00e8 riuscita a sbloccare questa pratica che fra qualche mese ci dar\u00e0 un impianto maggiormente fruibile e che aiuter\u00e0 a cementare il legame tra squadra e quartiere.\u201d<\/p>\n","protected":false},"excerpt":{"rendered":"<p>Il presidente Castelli \u00e8 tornato a parlare a conclusione di questa stagione particolare: \u201cCome tutti sanno nella seconda parte di stagione si \u00e8 giocato tra il poco e il niente \u2013 dice Castelli -. A breve arriver\u00e0 il comunicato ufficiale che ratifica la nostra permanenza in Promozione. Il fatto di giocare un altro campionato in&#8230; <\/p>\n<div class=\"clear\"><\/div>\n<p><a href=\"https:\/\/www.ssdmonticelli.it\/index.php\/2020\/06\/21\/il-monticelli-vuole-tornare-grande-alijevic-nuovo-capitano\/\" class=\"excerpt-read-more\">Read More<\/a><\/p>\n","protected":false},"author":1,"featured_media":4622,"comment_status":"open","ping_status":"open","sticky":true,"template":"","format":"standard","meta":{"footnotes":""},"categories":[7],"tags":[14,15,16,17],"class_list":["post-4620","post","type-post","status-publish","format-standard","has-post-thumbnail","hentry","category-news","tag-zar-alijevic","tag-campionato","tag-campo-sportivo","tag-castelli"],"jetpack_featured_media_url":"https:\/\/www.ssdmonticelli.it\/wp-content\/uploads\/2020\/06\/70913616_2552081564813737_4511341451950424064_n.gif","_links":{"self":[{"href":"https:\/\/www.ssdmonticelli.it\/index.php\/wp-json\/wp\/v2\/posts\/4620","targetHints":{"allow":["GET"]}}],"collection":[{"href":"https:\/\/www.ssdmonticelli.it\/index.php\/wp-json\/wp\/v2\/posts"}],"about":[{"href":"https:\/\/www.ssdmonticelli.it\/index.php\/wp-json\/wp\/v2\/types\/post"}],"author":[{"embeddable":true,"href":"https:\/\/www.ssdmonticelli.it\/index.php\/wp-json\/wp\/v2\/users\/1"}],"replies":[{"embeddable":true,"href":"https:\/\/www.ssdmonticelli.it\/index.php\/wp-json\/wp\/v2\/comments?post=4620"}],"version-history":[{"count":6,"href":"https:\/\/www.ssdmonticelli.it\/index.php\/wp-json\/wp\/v2\/posts\/4620\/revisions"}],"predecessor-version":[{"id":4627,"href":"https:\/\/www.ssdmonticelli.it\/index.php\/wp-json\/wp\/v2\/posts\/4620\/revisions\/4627"}],"wp:featuredmedia":[{"embeddable":true,"href":"https:\/\/www.ssdmonticelli.it\/index.php\/wp-json\/wp\/v2\/media\/4622"}],"wp:attachment":[{"href":"https:\/\/www.ssdmonticelli.it\/index.php\/wp-json\/wp\/v2\/media?parent=4620"}],"wp:term":[{"taxonomy":"category","embeddable":true,"href":"https:\/\/www.ssdmonticelli.it\/index.php\/wp-json\/wp\/v2\/categories?post=4620"},{"taxonomy":"post_tag","embeddable":true,"href":"https:\/\/www.ssdmonticelli.it\/index.php\/wp-json\/wp\/v2\/tags?post=4620"}],"curies":[{"name":"wp","href":"https:\/\/api.w.org\/{rel}","templated":true}]}}