{"id":4665,"date":"2020-05-03T13:41:59","date_gmt":"2020-05-03T12:41:59","guid":{"rendered":"http:\/\/www.ssdmonticelli.it\/?p=4665"},"modified":"2020-07-03T13:47:36","modified_gmt":"2020-07-03T12:47:36","slug":"zaini-ottimo-lavoro-fatto-fin-ora-continuiamo-cosi","status":"publish","type":"post","link":"https:\/\/www.ssdmonticelli.it\/index.php\/2020\/05\/03\/zaini-ottimo-lavoro-fatto-fin-ora-continuiamo-cosi\/","title":{"rendered":"ZAINI &#8220;OTTIMO LAVORO FATTO FIN ORA. CONTINUIAMO COSI&#8217;.&#8221;"},"content":{"rendered":"\n<p>Dopo la sosta forzata, dei vari campionati, a parlare \u00e8 stato il responsabile del settore giovanile <strong>Pietro Zaini<\/strong> che ha fatto il punto della situazione:<\/p>\n\n\n\n<p>\u201cIn questa settimana di sosta abbiamo avuto modo di riflettere sul lavoro fatto fin ora \u2013 dice Zaini-. Ci tengo innanzitutto a ringraziare la societ\u00e0 e tutto lo staff del settore giovanile da <strong>Lazzarini<\/strong>, <strong>Cao<\/strong>, il preparatore <strong>Vitelli<\/strong>, lo storico <strong>Mimmo Pedalino<\/strong> che si impegnano giorno dopo giorno per far crescere i nostri ragazzi. In questi mesi tante sono state le soddisfazioni che ci siamo tolti con i ragazzi del Monticelli: la prima mia personale \u00e8 quella di far crescere i ragazzi in un ambiente sano in cui i ragazzi possono crescere su profili umano e calcistico. Grandi soddisfazioni le stiamo ricevendo dai ragazzi della Juniores, la classifica \u00e8 buona e stiamo affrontando il campionato nel migliore dei modi. Tanti di questi ragazzi stanno collezionando presenze e gol in prima squadra e sono stati pi\u00f9 volte convocati nelle varie rappresentative regionali. Alcuni di loro sono entrati nel mirino di squadre di categorie superiori. Motivo questo d\u2019orgoglio per noi. Questo, come dicevo prima, grazie al prezioso lavoro di tutto lo staff Monticelli. Mi permetto di aggiungere ai ringraziamenti <strong>Don Giampiero<\/strong> della parrocchia SS Simone e Giuda e le dottoresse <strong>Petritola<\/strong> e<strong> Vagnoni<\/strong>, che si mettono sempre a disposizione della societ\u00e0 per le varie attivit\u00e0 delle squadre e per a crescita dei ragazzi. <\/p>\n\n\n\n<p>Ci tengo a ricordare un elemento importante della dirigenza come <strong>Pietro Spinelli<\/strong> che da qualche settimana ha iniziato a collaborare con il <strong>Parma Calcio<\/strong>. Questo \u00e8 importante per noi perch\u00e9 abbiamo la possibilit\u00e0 di confrontarci e interfacciarci con un\u2019importante societ\u00e0 che sta facendo molto bene in <strong>serie A<\/strong>.<br>Sabato affronteremo il Potenza Picena, delicata per noi. Colgo anche qui l\u2019occasione per ringraziare la dirigenza e il tifo per l\u2019ottima accoglienza ricevuta nella partita d\u2019andata. Nella societ\u00e0 ho ritrovato molti ex compagni dei tempi dell\u2019Ascoli Calcio e la tifoseria mi ha dedicato diversi cori. Mi ha colpito e mi ha fatto molto piacere tutto ci\u00f2. Per questo li ringrazio.<br>Il Monticelli non ha intensione di mollare e lotter\u00e0 fino all&#8217;ultimo per raggiungere i suoi obiettivi.\u201d<\/p>\n","protected":false},"excerpt":{"rendered":"<p>Dopo la sosta forzata, dei vari campionati, a parlare \u00e8 stato il responsabile del settore giovanile Pietro Zaini che ha fatto il punto della situazione: \u201cIn questa settimana di sosta abbiamo avuto modo di riflettere sul lavoro fatto fin ora \u2013 dice Zaini-. Ci tengo innanzitutto a ringraziare la societ\u00e0 e tutto lo staff del&#8230; <\/p>\n<div class=\"clear\"><\/div>\n<p><a href=\"https:\/\/www.ssdmonticelli.it\/index.php\/2020\/05\/03\/zaini-ottimo-lavoro-fatto-fin-ora-continuiamo-cosi\/\" class=\"excerpt-read-more\">Read More<\/a><\/p>\n","protected":false},"author":1,"featured_media":4666,"comment_status":"open","ping_status":"open","sticky":false,"template":"","format":"standard","meta":{"footnotes":""},"categories":[7],"tags":[21,29,30],"class_list":["post-4665","post","type-post","status-publish","format-standard","has-post-thumbnail","hentry","category-news","tag-zaini","tag-prima-squadra","tag-juniores"],"jetpack_featured_media_url":"https:\/\/www.ssdmonticelli.it\/wp-content\/uploads\/2020\/07\/0011105624Zaini.jpg","_links":{"self":[{"href":"https:\/\/www.ssdmonticelli.it\/index.php\/wp-json\/wp\/v2\/posts\/4665","targetHints":{"allow":["GET"]}}],"collection":[{"href":"https:\/\/www.ssdmonticelli.it\/index.php\/wp-json\/wp\/v2\/posts"}],"about":[{"href":"https:\/\/www.ssdmonticelli.it\/index.php\/wp-json\/wp\/v2\/types\/post"}],"author":[{"embeddable":true,"href":"https:\/\/www.ssdmonticelli.it\/index.php\/wp-json\/wp\/v2\/users\/1"}],"replies":[{"embeddable":true,"href":"https:\/\/www.ssdmonticelli.it\/index.php\/wp-json\/wp\/v2\/comments?post=4665"}],"version-history":[{"count":1,"href":"https:\/\/www.ssdmonticelli.it\/index.php\/wp-json\/wp\/v2\/posts\/4665\/revisions"}],"predecessor-version":[{"id":4667,"href":"https:\/\/www.ssdmonticelli.it\/index.php\/wp-json\/wp\/v2\/posts\/4665\/revisions\/4667"}],"wp:featuredmedia":[{"embeddable":true,"href":"https:\/\/www.ssdmonticelli.it\/index.php\/wp-json\/wp\/v2\/media\/4666"}],"wp:attachment":[{"href":"https:\/\/www.ssdmonticelli.it\/index.php\/wp-json\/wp\/v2\/media?parent=4665"}],"wp:term":[{"taxonomy":"category","embeddable":true,"href":"https:\/\/www.ssdmonticelli.it\/index.php\/wp-json\/wp\/v2\/categories?post=4665"},{"taxonomy":"post_tag","embeddable":true,"href":"https:\/\/www.ssdmonticelli.it\/index.php\/wp-json\/wp\/v2\/tags?post=4665"}],"curies":[{"name":"wp","href":"https:\/\/api.w.org\/{rel}","templated":true}]}}