{"id":4802,"date":"2020-08-07T09:28:13","date_gmt":"2020-08-07T08:28:13","guid":{"rendered":"http:\/\/www.ssdmonticelli.it\/index.php\/2020\/08\/07\/settembri-voglio-un-monticelli-che-giochi-per-la-maglia\/"},"modified":"2020-08-07T09:28:13","modified_gmt":"2020-08-07T08:28:13","slug":"settembri-voglio-un-monticelli-che-giochi-per-la-maglia","status":"publish","type":"post","link":"https:\/\/www.ssdmonticelli.it\/index.php\/2020\/08\/07\/settembri-voglio-un-monticelli-che-giochi-per-la-maglia\/","title":{"rendered":"Settembri: &#8220;Voglio un Monticelli che giochi per la maglia&#8221;"},"content":{"rendered":"\n<p>Nell&#8217;attesa della comunicazione ufficiale della ripartenza del campionato a presentarsi \u00e8 stato mister <strong>Settembri<\/strong>.<br><br>&#8220;Siamo carichi e pronti a partire -dice Settembri-. La squadra che abbiamo messo su \u00e8 il giusto mix tra giovani, con ambizioni e qualit\u00e0 da dimostrare, e anziani con l&#8221;esperienza giusta che servir\u00e0 durante il campionato. Voglio gente che in mezzo al campo corra e dia tutto dal primo all&#8217;ultimo minuto, dalla prima all&#8217;ultima giornata. La maglia asciutta a fine partita non \u00e8 contemplata per un giocatore della mia squadra. Mentalmente dobbiamo avere due punti di riferimento: il Monticelli dei primi anni, dove si lottava su ogni pallone con grinta e attaccamento alla maglia, e il Monticelli che ha fatto la storia in serie D. Quello che mi aspetto da questi ragazzi \u00e8 un miglioramento costante partita dopo partita. Dobbiamo arrivare a fine campionato con una crescita sia di squadra che personale. Se la classifica sar\u00e0 positiva vuol dire che siamo stati bravi e abbiamo tirato tutti dalla stessa parte. <\/p>\n\n\n\n<p>L&#8217;ambiente Monticelli lo conosco bene perch\u00e9 ci ho giocato. Si vive di bel calcio. A inizio estate mi \u00e8 stata dimostrata grande fiducia da parte del ds Spinelli dal direttore Zaini e dal presidente Castelli.<br>La grande voglia che la societ\u00e0 aveva di tornare a far bene mi ha spinto ad accettare questa nuova sfida.<br>Mi aspetto un campionato impegnativo sia per le squadre che vi partecipano sia per il fattore Covid che incider\u00e0 sicuramente sull&#8217;andamento della stagione. La preparazione del campionato \u00e8 ancora un punto interrogativo. Speriamo che arrivino presto indicazioni sul come gestire in sicurezza gli allenamenti e soprattutto le partite, perch\u00e9 abbiamo voglia di tornare a giocare a calcio.<\/p>\n\n\n\n<p>Nel quartiere la gente ama la squadra e anche quest&#8217;anno sono sicuro che ci sosterranno, anche se a distanza visto che ancora non si pu\u00f2 rientrare negli stadi. L&#8217;inizio del lavori al campo ci porter\u00e0 un&#8217;impianto pi\u00f9 funzionale alle nostre esigenze e ci aiuter\u00e0 a cementare il rapporto con il quartiere. Un quartiere al nostro fianco ci potr\u00e0 dare sicuramente una mano per affrontare le insidie del campionato. Forza Monticelli&#8221;<\/p>\n","protected":false},"excerpt":{"rendered":"<p>Nell&#8217;attesa della comunicazione ufficiale della ripartenza del campionato a presentarsi \u00e8 stato mister Settembri. &#8220;Siamo carichi e pronti a partire -dice Settembri-. La squadra che abbiamo messo su \u00e8 il giusto mix tra giovani, con ambizioni e qualit\u00e0 da dimostrare, e anziani con l&#8221;esperienza giusta che servir\u00e0 durante il campionato. Voglio gente che in mezzo&#8230; <\/p>\n<div class=\"clear\"><\/div>\n<p><a href=\"https:\/\/www.ssdmonticelli.it\/index.php\/2020\/08\/07\/settembri-voglio-un-monticelli-che-giochi-per-la-maglia\/\" class=\"excerpt-read-more\">Read More<\/a><\/p>\n","protected":false},"author":1,"featured_media":4801,"comment_status":"open","ping_status":"open","sticky":false,"template":"","format":"standard","meta":{"footnotes":""},"categories":[7],"tags":[18],"class_list":["post-4802","post","type-post","status-publish","format-standard","has-post-thumbnail","hentry","category-news","tag-mister-settembri"],"jetpack_featured_media_url":"https:\/\/www.ssdmonticelli.it\/wp-content\/uploads\/2020\/08\/20200807_102727.jpg","_links":{"self":[{"href":"https:\/\/www.ssdmonticelli.it\/index.php\/wp-json\/wp\/v2\/posts\/4802","targetHints":{"allow":["GET"]}}],"collection":[{"href":"https:\/\/www.ssdmonticelli.it\/index.php\/wp-json\/wp\/v2\/posts"}],"about":[{"href":"https:\/\/www.ssdmonticelli.it\/index.php\/wp-json\/wp\/v2\/types\/post"}],"author":[{"embeddable":true,"href":"https:\/\/www.ssdmonticelli.it\/index.php\/wp-json\/wp\/v2\/users\/1"}],"replies":[{"embeddable":true,"href":"https:\/\/www.ssdmonticelli.it\/index.php\/wp-json\/wp\/v2\/comments?post=4802"}],"version-history":[{"count":0,"href":"https:\/\/www.ssdmonticelli.it\/index.php\/wp-json\/wp\/v2\/posts\/4802\/revisions"}],"wp:featuredmedia":[{"embeddable":true,"href":"https:\/\/www.ssdmonticelli.it\/index.php\/wp-json\/wp\/v2\/media\/4801"}],"wp:attachment":[{"href":"https:\/\/www.ssdmonticelli.it\/index.php\/wp-json\/wp\/v2\/media?parent=4802"}],"wp:term":[{"taxonomy":"category","embeddable":true,"href":"https:\/\/www.ssdmonticelli.it\/index.php\/wp-json\/wp\/v2\/categories?post=4802"},{"taxonomy":"post_tag","embeddable":true,"href":"https:\/\/www.ssdmonticelli.it\/index.php\/wp-json\/wp\/v2\/tags?post=4802"}],"curies":[{"name":"wp","href":"https:\/\/api.w.org\/{rel}","templated":true}]}}