{"id":4849,"date":"2020-09-19T14:19:00","date_gmt":"2020-09-19T13:19:00","guid":{"rendered":"http:\/\/www.ssdmonticelli.it\/?p=4849"},"modified":"2020-09-21T14:24:06","modified_gmt":"2020-09-21T13:24:06","slug":"positivita-al-covid-nella-squadra-esordienti","status":"publish","type":"post","link":"https:\/\/www.ssdmonticelli.it\/index.php\/2020\/09\/19\/positivita-al-covid-nella-squadra-esordienti\/","title":{"rendered":"Positivit\u00e0 al Covid nella squadra Esordienti"},"content":{"rendered":"\n<p>La societ\u00e0 Monticelli Calcio per correttezza e trasparenza comunica che un tesserato della scuola calcio \u00e8 risultato positivo al Covid-19. Stando alle dichiarazioni della mamma il ragazzo avrebbe contratto il Covid domenica scorsa ad una Cresima. \u00c8 stato appurato che il contagio \u00e8 avvenuto successivamente alla celebrazione della Cresima. Vogliamo comunque rassicurare tutti che il ragazzo sta bene poich\u00e9 asintomatico. Ringraziamo la famiglia che ha comunicato tempestivamente la positivit\u00e0 del proprio figlio. Gi\u00e0 oggi l&#8217;Asur ha attivato la procedura e domani mattina tutta la squadra interessata effettuer\u00e0 il tampone, insieme ad allenatori e staff che hanno avuto contatti con il bimbo. Ringraziamo la nostra dottoressa Donatella Petritola per tutto quello che sta facendo affinch\u00e9 vengano rispettate tutte le procedure di prevenzione, sempre presente al campo, e siamo orgogliosi di averla con noi. Ringraziamo anche tutto il nostro staff dal responsabile Pietro Zaini a tutti i tecnici e collaboratori per il grosso lavoro che stanno facendo in questo momento particolare, affinch\u00e9 i nostri bambini possono continuare a correre e giocare sul campo. Il Monticelli, come da protocollo, continua con le attivit\u00e0 e ringrazia tutte le famiglie per la collaborazione e la sensibilit\u00e0 mostrata anche in questa delicata vicenda. Continuiamo altres\u00ec a raccomandare a tutti la massima attenzione ed il rispetto delle norme di prevenzione Covid non solo al campo, ma quotidianamente in ogni ambiente che si frequenta. Un grosso in bocca al lupo al bimbo risultato positivo, certi di poterlo riaccogliere presto al campo.<\/p>\n","protected":false},"excerpt":{"rendered":"<p>La societ\u00e0 Monticelli Calcio per correttezza e trasparenza comunica che un tesserato della scuola calcio \u00e8 risultato positivo al Covid-19. Stando alle dichiarazioni della mamma il ragazzo avrebbe contratto il Covid domenica scorsa ad una Cresima. \u00c8 stato appurato che il contagio \u00e8 avvenuto successivamente alla celebrazione della Cresima. Vogliamo comunque rassicurare tutti che il&#8230; <\/p>\n<div class=\"clear\"><\/div>\n<p><a href=\"https:\/\/www.ssdmonticelli.it\/index.php\/2020\/09\/19\/positivita-al-covid-nella-squadra-esordienti\/\" class=\"excerpt-read-more\">Read More<\/a><\/p>\n","protected":false},"author":1,"featured_media":4684,"comment_status":"open","ping_status":"open","sticky":false,"template":"","format":"standard","meta":{"footnotes":""},"categories":[7],"tags":[75],"class_list":["post-4849","post","type-post","status-publish","format-standard","has-post-thumbnail","hentry","category-news","tag-emergenza-covid-19"],"jetpack_featured_media_url":"https:\/\/www.ssdmonticelli.it\/wp-content\/uploads\/2020\/07\/88096513_2930482330306990_888291316616658944_o.jpg","_links":{"self":[{"href":"https:\/\/www.ssdmonticelli.it\/index.php\/wp-json\/wp\/v2\/posts\/4849","targetHints":{"allow":["GET"]}}],"collection":[{"href":"https:\/\/www.ssdmonticelli.it\/index.php\/wp-json\/wp\/v2\/posts"}],"about":[{"href":"https:\/\/www.ssdmonticelli.it\/index.php\/wp-json\/wp\/v2\/types\/post"}],"author":[{"embeddable":true,"href":"https:\/\/www.ssdmonticelli.it\/index.php\/wp-json\/wp\/v2\/users\/1"}],"replies":[{"embeddable":true,"href":"https:\/\/www.ssdmonticelli.it\/index.php\/wp-json\/wp\/v2\/comments?post=4849"}],"version-history":[{"count":1,"href":"https:\/\/www.ssdmonticelli.it\/index.php\/wp-json\/wp\/v2\/posts\/4849\/revisions"}],"predecessor-version":[{"id":4850,"href":"https:\/\/www.ssdmonticelli.it\/index.php\/wp-json\/wp\/v2\/posts\/4849\/revisions\/4850"}],"wp:featuredmedia":[{"embeddable":true,"href":"https:\/\/www.ssdmonticelli.it\/index.php\/wp-json\/wp\/v2\/media\/4684"}],"wp:attachment":[{"href":"https:\/\/www.ssdmonticelli.it\/index.php\/wp-json\/wp\/v2\/media?parent=4849"}],"wp:term":[{"taxonomy":"category","embeddable":true,"href":"https:\/\/www.ssdmonticelli.it\/index.php\/wp-json\/wp\/v2\/categories?post=4849"},{"taxonomy":"post_tag","embeddable":true,"href":"https:\/\/www.ssdmonticelli.it\/index.php\/wp-json\/wp\/v2\/tags?post=4849"}],"curies":[{"name":"wp","href":"https:\/\/api.w.org\/{rel}","templated":true}]}}