{"id":5085,"date":"2021-09-10T20:48:22","date_gmt":"2021-09-10T19:48:22","guid":{"rendered":"http:\/\/www.ssdmonticelli.it\/?p=5085"},"modified":"2021-09-11T09:19:16","modified_gmt":"2021-09-11T08:19:16","slug":"dangelo-in-prima-squadra","status":"publish","type":"post","link":"https:\/\/www.ssdmonticelli.it\/index.php\/2021\/09\/10\/dangelo-in-prima-squadra\/","title":{"rendered":"D&#8217;Angelo in Prima Squadra."},"content":{"rendered":"\n<p>La valorizzazione dei propri ragazzi \u00e8 stata sempre una prerogativa della nostra societ\u00e0. Questo \u00e8 stato pi\u00f9 volte ribadito sia dal presidente Castelli che dal responsabile del settore giovanile Zaini. Riuscire a far crescere ragazzi e portarli a esordire in campionati come la serie D. l\u2019Eccellenza o la Promozione non \u00e8 da tutti, ma a Monticelli \u00e8 sempre accaduto. Un esempio \u00e8 Alessandro d\u2019Angelo classe 2004. Arrivato a Monticelli due anni fa, da quest\u2019anno \u00e8 entrato stabilmente a far parte degli undici si mister Settembri. Partito sempre da titolare nelle amichevoli estive, ha dimostrato carattere e personalit\u00e0 andandosi a inserire bene negli schemi di un reparto difficile come quello della difesa. Nella gara di Coppa vinta per due a zero contro il Centobuchi ha dimostrato grande attenzione e qualit\u00e0, rischiano poco e tenendo bene botta a avversari pi\u00f9 navigati di lui. Sempre nell\u2019ottica della valorizzazione dei giovani hanno fatto il loro esordio in Coppa, e entrano a far parte della prima squadra, altri giovani ragazzi come Samuel Spinelli 2004, Manuel de Angelis 2004, Andrea Spinelli 2003, Fattori Nicol\u00f2 2003 e il portiere Manuel Baldassarri 2003. Continua il lavoro della societ\u00e0 per valorizzare questi ragazzi dandogli l\u2019opportunit\u00e0 di mettersi in mostra per palcoscenici pi\u00f9 importanti.<\/p>\n","protected":false},"excerpt":{"rendered":"<p>La valorizzazione dei propri ragazzi \u00e8 stata sempre una prerogativa della nostra societ\u00e0. Questo \u00e8 stato pi\u00f9 volte ribadito sia dal presidente Castelli che dal responsabile del settore giovanile Zaini. Riuscire a far crescere ragazzi e portarli a esordire in campionati come la serie D. l\u2019Eccellenza o la Promozione non \u00e8 da tutti, ma a&#8230; <\/p>\n<div class=\"clear\"><\/div>\n<p><a href=\"https:\/\/www.ssdmonticelli.it\/index.php\/2021\/09\/10\/dangelo-in-prima-squadra\/\" class=\"excerpt-read-more\">Read More<\/a><\/p>\n","protected":false},"author":1,"featured_media":5088,"comment_status":"open","ping_status":"open","sticky":false,"template":"","format":"standard","meta":{"footnotes":""},"categories":[7],"tags":[22,91],"class_list":["post-5085","post","type-post","status-publish","format-standard","has-post-thumbnail","hentry","category-news","tag-settore-giovanile","tag-dangelo"],"jetpack_featured_media_url":"https:\/\/www.ssdmonticelli.it\/wp-content\/uploads\/2021\/09\/DANGELO-x-sito.jpg","_links":{"self":[{"href":"https:\/\/www.ssdmonticelli.it\/index.php\/wp-json\/wp\/v2\/posts\/5085","targetHints":{"allow":["GET"]}}],"collection":[{"href":"https:\/\/www.ssdmonticelli.it\/index.php\/wp-json\/wp\/v2\/posts"}],"about":[{"href":"https:\/\/www.ssdmonticelli.it\/index.php\/wp-json\/wp\/v2\/types\/post"}],"author":[{"embeddable":true,"href":"https:\/\/www.ssdmonticelli.it\/index.php\/wp-json\/wp\/v2\/users\/1"}],"replies":[{"embeddable":true,"href":"https:\/\/www.ssdmonticelli.it\/index.php\/wp-json\/wp\/v2\/comments?post=5085"}],"version-history":[{"count":2,"href":"https:\/\/www.ssdmonticelli.it\/index.php\/wp-json\/wp\/v2\/posts\/5085\/revisions"}],"predecessor-version":[{"id":5089,"href":"https:\/\/www.ssdmonticelli.it\/index.php\/wp-json\/wp\/v2\/posts\/5085\/revisions\/5089"}],"wp:featuredmedia":[{"embeddable":true,"href":"https:\/\/www.ssdmonticelli.it\/index.php\/wp-json\/wp\/v2\/media\/5088"}],"wp:attachment":[{"href":"https:\/\/www.ssdmonticelli.it\/index.php\/wp-json\/wp\/v2\/media?parent=5085"}],"wp:term":[{"taxonomy":"category","embeddable":true,"href":"https:\/\/www.ssdmonticelli.it\/index.php\/wp-json\/wp\/v2\/categories?post=5085"},{"taxonomy":"post_tag","embeddable":true,"href":"https:\/\/www.ssdmonticelli.it\/index.php\/wp-json\/wp\/v2\/tags?post=5085"}],"curies":[{"name":"wp","href":"https:\/\/api.w.org\/{rel}","templated":true}]}}