{"id":566,"date":"2015-10-28T13:22:52","date_gmt":"2015-10-28T11:22:52","guid":{"rendered":"http:\/\/asdmonticelli.it\/?p=566"},"modified":"2015-10-28T13:22:52","modified_gmt":"2015-10-28T11:22:52","slug":"stangoni-il-gruppo-e-la-forza-di-questa-squadra","status":"publish","type":"post","link":"https:\/\/www.ssdmonticelli.it\/index.php\/2015\/10\/28\/stangoni-il-gruppo-e-la-forza-di-questa-squadra\/","title":{"rendered":"Stangoni: il gruppo \u00e8 la forza di questa squadra"},"content":{"rendered":"<p>Marco Stangoni, giovane difensore centrale del Monticelli, ha parlato della sua esperienza in squadra e del campionato della matricola ascolana.<\/p>\n<p>&#8220;Non pensavo di giocare cosi tanto quest&#8217;anno e ogni volta che vengo chiamato in causa metto in campo tutta la mia grinta e la mia concentrazione. La mia fortuna \u00e8 quella di avere la possibilit\u00e0 di giocare con giocatori forti e d&#8217;esperienza come Sosi e Adamoli. Mi aiutano parecchio e grazie a loro sto imparando molto.<\/p>\n<p>Lo scorso anno avevo smesso di giocare, avevo fatto scelte diverse. Quest&#8217;estate, quando mi hanno fatto la proposta di rientrare, ho accettato con pi\u00f9 entusiasmo di prima. La forza di questa squadra \u00e8 sicuramente il gruppo: mi trovo benissimo con loro in campo ma soprattutto fuori.<\/p>\n<p>La trasferta di Fermo sar\u00e0 sicuramente impegnativa ma siamo pronti alla battaglia. Le due sconfitte consecutive non erano sicuramente un dramma: in un campionato duro come quello di Serie D ci possono stare. Domenica contro il Castelfidardo siamo tornati a fare meritatamente punti, con una soddisfazione in pi\u00f9: avevamo una difesa formata per tre quarti da under ma abbiamo retto benissimo l&#8217;urto.<\/p>\n<p>Il nostro obiettivo \u00e8 sempre stato la salvezza; fare punti ora \u00e8 importante perch\u00e8 il girone di ritorno \u00e8 sempre un campionato a parte&#8221;.<\/p>\n","protected":false},"excerpt":{"rendered":"<p>Marco Stangoni, giovane difensore centrale del Monticelli, ha parlato della sua esperienza in squadra e del campionato della matricola ascolana. &#8220;Non pensavo di giocare cosi tanto quest&#8217;anno e ogni volta che vengo chiamato in causa metto in campo tutta la mia grinta e la mia concentrazione. La mia fortuna \u00e8 quella di avere la possibilit\u00e0&#8230; <\/p>\n<div class=\"clear\"><\/div>\n<p><a href=\"https:\/\/www.ssdmonticelli.it\/index.php\/2015\/10\/28\/stangoni-il-gruppo-e-la-forza-di-questa-squadra\/\" class=\"excerpt-read-more\">Read More<\/a><\/p>\n","protected":false},"author":2,"featured_media":567,"comment_status":"open","ping_status":"open","sticky":false,"template":"","format":"standard","meta":{"footnotes":""},"categories":[1],"tags":[],"class_list":["post-566","post","type-post","status-publish","format-standard","has-post-thumbnail","hentry","category-uncategorized"],"jetpack_featured_media_url":"https:\/\/www.ssdmonticelli.it\/wp-content\/uploads\/2015\/10\/stangoni.jpg","_links":{"self":[{"href":"https:\/\/www.ssdmonticelli.it\/index.php\/wp-json\/wp\/v2\/posts\/566","targetHints":{"allow":["GET"]}}],"collection":[{"href":"https:\/\/www.ssdmonticelli.it\/index.php\/wp-json\/wp\/v2\/posts"}],"about":[{"href":"https:\/\/www.ssdmonticelli.it\/index.php\/wp-json\/wp\/v2\/types\/post"}],"author":[{"embeddable":true,"href":"https:\/\/www.ssdmonticelli.it\/index.php\/wp-json\/wp\/v2\/users\/2"}],"replies":[{"embeddable":true,"href":"https:\/\/www.ssdmonticelli.it\/index.php\/wp-json\/wp\/v2\/comments?post=566"}],"version-history":[{"count":1,"href":"https:\/\/www.ssdmonticelli.it\/index.php\/wp-json\/wp\/v2\/posts\/566\/revisions"}],"predecessor-version":[{"id":568,"href":"https:\/\/www.ssdmonticelli.it\/index.php\/wp-json\/wp\/v2\/posts\/566\/revisions\/568"}],"wp:featuredmedia":[{"embeddable":true,"href":"https:\/\/www.ssdmonticelli.it\/index.php\/wp-json\/wp\/v2\/media\/567"}],"wp:attachment":[{"href":"https:\/\/www.ssdmonticelli.it\/index.php\/wp-json\/wp\/v2\/media?parent=566"}],"wp:term":[{"taxonomy":"category","embeddable":true,"href":"https:\/\/www.ssdmonticelli.it\/index.php\/wp-json\/wp\/v2\/categories?post=566"},{"taxonomy":"post_tag","embeddable":true,"href":"https:\/\/www.ssdmonticelli.it\/index.php\/wp-json\/wp\/v2\/tags?post=566"}],"curies":[{"name":"wp","href":"https:\/\/api.w.org\/{rel}","templated":true}]}}