{"id":5883,"date":"2022-02-05T09:41:04","date_gmt":"2022-02-05T08:41:04","guid":{"rendered":"http:\/\/www.ssdmonticelli.it\/?p=5883"},"modified":"2022-02-05T09:41:06","modified_gmt":"2022-02-05T08:41:06","slug":"rivoluzione-a-porta-arrivano-paolini-e-marcucci","status":"publish","type":"post","link":"https:\/\/www.ssdmonticelli.it\/index.php\/2022\/02\/05\/rivoluzione-a-porta-arrivano-paolini-e-marcucci\/","title":{"rendered":"RIVOLUZIONE A PORTA. ARRIVANO PAOLINI E MARCUCCI."},"content":{"rendered":"\n<p>Grande lavoro per il ds Spinelli che nelle ultime ore mette a segno due colpi di mercato in porta. Nel giro di poche settimane il Monticelli si \u00e8 trovato senza portieri dopo l\u2019infortunio che terr\u00e0 lontano dal campo per tanto tempo Vincenzo Melillo e dopo i saluti di Baldassarri per motivi di lavoro. Cos\u00ec Spinelli \u00e8 corso ai ripari facendo arrivare al Monticelli l\u2019esperto <strong>Enrico Paolini<\/strong> e il giovane <strong>Davide Marcucci<\/strong> portiere di prospettiva. Il primo classe \u201985, ha giocato per anni tra Promozione e Eccellenza, arriva dalla Palmense. Nella sua carriera ha giocato per tre anni a Montalto dove Spinelli era direttore sportivo. Il secondo classe 2005 arriva al Monticelli dalla squadra Undrer 17 dell\u2019Ascoli, dove si \u00e8 messo in mostra per le sue grandi qualit\u00e0. Giocatore di prospettiva al Monticelli ha tutto il tempo e tutti gli strumenti per crescere e migliorare. Aggregati al gruppo gi\u00e0 da qualche giorno pronti per la ripartenza del campionato prevista per domani in casa dell\u2019Atletico Centobuchi.<\/p>\n\n\n\n<figure class=\"wp-block-image size-large is-resized\"><a href=\"http:\/\/www.ssdmonticelli.it\/wp-content\/uploads\/2022\/02\/PAOLINI-E..jpg\"><img loading=\"lazy\" decoding=\"async\" src=\"http:\/\/www.ssdmonticelli.it\/wp-content\/uploads\/2022\/02\/PAOLINI-E.-1024x1024.jpg\" alt=\"\" class=\"wp-image-5885\" width=\"305\" height=\"305\" srcset=\"https:\/\/www.ssdmonticelli.it\/wp-content\/uploads\/2022\/02\/PAOLINI-E.-1024x1024.jpg 1024w, https:\/\/www.ssdmonticelli.it\/wp-content\/uploads\/2022\/02\/PAOLINI-E.-300x300.jpg 300w, https:\/\/www.ssdmonticelli.it\/wp-content\/uploads\/2022\/02\/PAOLINI-E.-150x150.jpg 150w, https:\/\/www.ssdmonticelli.it\/wp-content\/uploads\/2022\/02\/PAOLINI-E.-768x768.jpg 768w, https:\/\/www.ssdmonticelli.it\/wp-content\/uploads\/2022\/02\/PAOLINI-E.-310x310.jpg 310w, https:\/\/www.ssdmonticelli.it\/wp-content\/uploads\/2022\/02\/PAOLINI-E.-60x60.jpg 60w, https:\/\/www.ssdmonticelli.it\/wp-content\/uploads\/2022\/02\/PAOLINI-E.-400x400.jpg 400w, https:\/\/www.ssdmonticelli.it\/wp-content\/uploads\/2022\/02\/PAOLINI-E..jpg 1080w\" sizes=\"auto, (max-width: 305px) 100vw, 305px\" \/><\/a><figcaption>Paolini Enrico<\/figcaption><\/figure>\n\n\n\n<figure class=\"wp-block-image size-large is-resized\"><a href=\"http:\/\/www.ssdmonticelli.it\/wp-content\/uploads\/2022\/02\/MARCUCCI.jpg\"><img loading=\"lazy\" decoding=\"async\" src=\"http:\/\/www.ssdmonticelli.it\/wp-content\/uploads\/2022\/02\/MARCUCCI-1024x1024.jpg\" alt=\"\" class=\"wp-image-5886\" width=\"306\" height=\"306\" srcset=\"https:\/\/www.ssdmonticelli.it\/wp-content\/uploads\/2022\/02\/MARCUCCI-1024x1024.jpg 1024w, https:\/\/www.ssdmonticelli.it\/wp-content\/uploads\/2022\/02\/MARCUCCI-300x300.jpg 300w, https:\/\/www.ssdmonticelli.it\/wp-content\/uploads\/2022\/02\/MARCUCCI-150x150.jpg 150w, https:\/\/www.ssdmonticelli.it\/wp-content\/uploads\/2022\/02\/MARCUCCI-768x768.jpg 768w, https:\/\/www.ssdmonticelli.it\/wp-content\/uploads\/2022\/02\/MARCUCCI-310x310.jpg 310w, https:\/\/www.ssdmonticelli.it\/wp-content\/uploads\/2022\/02\/MARCUCCI-60x60.jpg 60w, https:\/\/www.ssdmonticelli.it\/wp-content\/uploads\/2022\/02\/MARCUCCI-400x400.jpg 400w, https:\/\/www.ssdmonticelli.it\/wp-content\/uploads\/2022\/02\/MARCUCCI.jpg 1080w\" sizes=\"auto, (max-width: 306px) 100vw, 306px\" \/><\/a><figcaption>Marcucci Davide<\/figcaption><\/figure>\n","protected":false},"excerpt":{"rendered":"<p>Grande lavoro per il ds Spinelli che nelle ultime ore mette a segno due colpi di mercato in porta. Nel giro di poche settimane il Monticelli si \u00e8 trovato senza portieri dopo l\u2019infortunio che terr\u00e0 lontano dal campo per tanto tempo Vincenzo Melillo e dopo i saluti di Baldassarri per motivi di lavoro. Cos\u00ec Spinelli&#8230; <\/p>\n<div class=\"clear\"><\/div>\n<p><a href=\"https:\/\/www.ssdmonticelli.it\/index.php\/2022\/02\/05\/rivoluzione-a-porta-arrivano-paolini-e-marcucci\/\" class=\"excerpt-read-more\">Read More<\/a><\/p>\n","protected":false},"author":1,"featured_media":5887,"comment_status":"open","ping_status":"open","sticky":false,"template":"","format":"standard","meta":{"footnotes":""},"categories":[7],"tags":[26,112,115],"class_list":["post-5883","post","type-post","status-publish","format-standard","has-post-thumbnail","hentry","category-news","tag-mercato","tag-paolini","tag-marcucci"],"jetpack_featured_media_url":"https:\/\/www.ssdmonticelli.it\/wp-content\/uploads\/2022\/02\/1.jpg","_links":{"self":[{"href":"https:\/\/www.ssdmonticelli.it\/index.php\/wp-json\/wp\/v2\/posts\/5883","targetHints":{"allow":["GET"]}}],"collection":[{"href":"https:\/\/www.ssdmonticelli.it\/index.php\/wp-json\/wp\/v2\/posts"}],"about":[{"href":"https:\/\/www.ssdmonticelli.it\/index.php\/wp-json\/wp\/v2\/types\/post"}],"author":[{"embeddable":true,"href":"https:\/\/www.ssdmonticelli.it\/index.php\/wp-json\/wp\/v2\/users\/1"}],"replies":[{"embeddable":true,"href":"https:\/\/www.ssdmonticelli.it\/index.php\/wp-json\/wp\/v2\/comments?post=5883"}],"version-history":[{"count":2,"href":"https:\/\/www.ssdmonticelli.it\/index.php\/wp-json\/wp\/v2\/posts\/5883\/revisions"}],"predecessor-version":[{"id":5892,"href":"https:\/\/www.ssdmonticelli.it\/index.php\/wp-json\/wp\/v2\/posts\/5883\/revisions\/5892"}],"wp:featuredmedia":[{"embeddable":true,"href":"https:\/\/www.ssdmonticelli.it\/index.php\/wp-json\/wp\/v2\/media\/5887"}],"wp:attachment":[{"href":"https:\/\/www.ssdmonticelli.it\/index.php\/wp-json\/wp\/v2\/media?parent=5883"}],"wp:term":[{"taxonomy":"category","embeddable":true,"href":"https:\/\/www.ssdmonticelli.it\/index.php\/wp-json\/wp\/v2\/categories?post=5883"},{"taxonomy":"post_tag","embeddable":true,"href":"https:\/\/www.ssdmonticelli.it\/index.php\/wp-json\/wp\/v2\/tags?post=5883"}],"curies":[{"name":"wp","href":"https:\/\/api.w.org\/{rel}","templated":true}]}}