{"id":603,"date":"2015-11-03T15:14:04","date_gmt":"2015-11-03T13:14:04","guid":{"rendered":"http:\/\/asdmonticelli.it\/?p=603"},"modified":"2015-11-03T15:14:04","modified_gmt":"2015-11-03T13:14:04","slug":"con-mauro-iachini-uno-sguardo-sul-settore-giovanile-la-crescita-individuale-dei-ragazzi-al-centro-di-tutto","status":"publish","type":"post","link":"https:\/\/www.ssdmonticelli.it\/index.php\/2015\/11\/03\/con-mauro-iachini-uno-sguardo-sul-settore-giovanile-la-crescita-individuale-dei-ragazzi-al-centro-di-tutto\/","title":{"rendered":"Con Mauro Iachini uno sguardo sul settore giovanile: la crescita individuale dei ragazzi al centro di tutto"},"content":{"rendered":"<p>Mauro Iachini, responsabile del settore giovanile dell&#8217;Asd Monticelli, ci illustra il progetto che sta dietro alla crescita degli oltre 300 ragazzi che ogni settimana calcano il sintetico del Velodromo Don Mauro Bartolini:<\/p>\n<p>&#8220;Qui a Monticelli ho iniziato allenando una squadra di ragazzi e anche allora il settore giovanile funzionava discretamente. C&#8217;era per\u00f2 poca disponibilit\u00e0 da parte di tutti alla cultura del lavoro, ci si approcciava male al lavoro sul campo, al rispetto dei regolamenti e la presenza agli allenamenti era bassa. Da quando mi \u00e8 stato dato l&#8217;incarico di responsabile ho preso visione di questo e mi sono messo intorno persone a me vicine dal punto di vista umano con le quali condividere questo progetto. Con lo staff abbiamo buttato gi\u00f9 la regolamentazione del settore giovanile. Oggi tutti hanno la stessa divisa, tutti rispettano lo stesso regolamento e la presenza agli allenamenti, rilevata mensilmente, \u00e8 del 95-98%.<\/p>\n<p>Nel primo anno ci siamo concentrati quindi sugli aspetti organizzativi e di regolamentazione. Quest&#8217;anno, anche grazie alla promozione della prima squadra, abbiamo innalzato il livello numerico e qualitativo. Abbiamo rose di buon livello e un&#8217;unica metodologia di lavoro che rispecchia quanto fatto da Mister Stallone in prima squadra. La sua \u00e8 una metodica che vede una grossa intensit\u00e0 nel lavoro con la palla e si concentra sulla crescita individuale dei giocatori.Con i ragazzi che vanno dal 2002 a quelli della Juniores stiamo facendo un percorso progressivo di attivit\u00e0 coordinativa che li porter\u00e0 poi a fare delle vere e proprie sedute di forza. Tutto gira intorno ad un unico modo di lavorare e ad un rapporto continuo con i ragazzi per valutare eventuali difficolt\u00e0 e problematiche.<\/p>\n<p>Anche gli allenatori sono continuamente monitorati, ci vediamo una volta ogni mese e mezzo. Hanno l&#8217;obbligo di far giocare tutti anche per valutarne il percorso di crescita. Questo \u00e8 un modo di pensare diverso, non facciamo giocare solo i pi\u00f9 bravi ma, avendo rose numerose, diamo spazio a tutti. Anche perch\u00e8 alla fine del percorso non vogliamo sbagliare la valutazione di nessun ragazzo, e possiamo farlo attraverso gli allenamenti ma sopratutto grazie ad un certo numero di partite.<\/p>\n<p>Le due squadre dei giovanissimi si allenano allo stesso orario dividendosi il campo. Hanno in comune un collaboratore tecnico e un preparatore che girano durante l&#8217;allenamento in modo tale che in ogni fase ci siano due persone a seguire i ragazzi. Il collaboratore tecnico aiuta i mister per la parte tecnico-tattica, mentre il preparatore si occupa della parte coordinativo-motoria. Stessa cosa per le due squadre degli allievi.<\/p>\n<p>Per quanto riguarda la Juniores la societ\u00e0 poteva, per questo primo anno, continuare con i Regionali ma \u00e8 stata fatta una scelta importante di partecipare al campionato Nazionale. La societ\u00e0 h inoltre fatto un&#8217;altra scelta che riguarda il fatto di giocare con tutti ragazzi classe 1998, pi\u00f9 un paio di 1997 aggregati in prima squadra e che scendono di categoria se ce n&#8217;\u00e8 bisogno. Sapevamo che giocare sotto et\u00e0 poteva creare qualche problema ai ragazzi ma fino ad ora ce la siamo giocata alla grande con tutti. La squadra \u00e8 affidata a Mister Natalini, come lo scorso anno, mentre io mi occupo della parte atletica. Abbiamo fatto una preparazione forte, un lavoro pesante di forza: i ragazzi non erano abituati ma stanno smaltendo.<\/p>\n<p>Con la Juniores abbiamo vinto il campionato regionale lo scorso anno e abbiamo deciso di mandare tutti i 1997 a giocare nelle prime squadre di societ\u00e0 di Promozione e Prima Categoria. Questo per continuare quel processo di crescita iniziato e per permettere loro di\u00a0giocare con i &#8220;grandi&#8221;.<\/p>\n<p>La scuola calcio riguarda i ragazzi che vanno dal 2003 al 2008. Questi si allenano martedi e giovedi al Velodromo e sono accompagnati da allenatori e da insegnati laureati in scienze motorie. La metodologia di lavoro si rif\u00e0 a quelli che sono gli Small Sided Games; ossia a partitine per sviluppare le capacit\u00e0 tecniche, coordinative e tattiche. I primi calci invece (2009-2011) si allenano nella palestra vicino all&#8217;Ospedale.<\/p>\n<p>La politica della societ\u00e0 \u00e8 chiara: anche a discapito dei risultati, quello che conta \u00e8 la crescita individuale dei ragazzi. Solo attivando questo modo di lavoro potremmo arrivare un giorno a &#8220;costruirci&#8221; gli under a casa da soli. Non \u00e8 semplice sicuramente ma poi \u00e8 normale che questa crescita individuale porter\u00e0 ad una crescita di tutta la squadra. La societ\u00e0 crede fermamente in questo percorso e, ripeto, la scelta di giocare il campionato Nazionale Juniores, con ragazzi sotto et\u00e0, \u00e8 il modo migliore per far crescere i ragazzi e\u00a0di portarli un giorno nella rosa della prima squadra&#8221;.<\/p>\n<p>&nbsp;<\/p>\n<p>&nbsp;<\/p>\n<p>&nbsp;<\/p>\n<p>&nbsp;<\/p>\n","protected":false},"excerpt":{"rendered":"<p>Mauro Iachini, responsabile del settore giovanile dell&#8217;Asd Monticelli, ci illustra il progetto che sta dietro alla crescita degli oltre 300 ragazzi che ogni settimana calcano il sintetico del Velodromo Don Mauro Bartolini: &#8220;Qui a Monticelli ho iniziato allenando una squadra di ragazzi e anche allora il settore giovanile funzionava discretamente. C&#8217;era per\u00f2 poca disponibilit\u00e0 da&#8230; <\/p>\n<div class=\"clear\"><\/div>\n<p><a href=\"https:\/\/www.ssdmonticelli.it\/index.php\/2015\/11\/03\/con-mauro-iachini-uno-sguardo-sul-settore-giovanile-la-crescita-individuale-dei-ragazzi-al-centro-di-tutto\/\" class=\"excerpt-read-more\">Read More<\/a><\/p>\n","protected":false},"author":2,"featured_media":527,"comment_status":"open","ping_status":"open","sticky":false,"template":"","format":"standard","meta":{"footnotes":""},"categories":[1],"tags":[],"class_list":["post-603","post","type-post","status-publish","format-standard","has-post-thumbnail","hentry","category-uncategorized"],"jetpack_featured_media_url":"https:\/\/www.ssdmonticelli.it\/wp-content\/uploads\/2015\/10\/Iachini.jpg","_links":{"self":[{"href":"https:\/\/www.ssdmonticelli.it\/index.php\/wp-json\/wp\/v2\/posts\/603","targetHints":{"allow":["GET"]}}],"collection":[{"href":"https:\/\/www.ssdmonticelli.it\/index.php\/wp-json\/wp\/v2\/posts"}],"about":[{"href":"https:\/\/www.ssdmonticelli.it\/index.php\/wp-json\/wp\/v2\/types\/post"}],"author":[{"embeddable":true,"href":"https:\/\/www.ssdmonticelli.it\/index.php\/wp-json\/wp\/v2\/users\/2"}],"replies":[{"embeddable":true,"href":"https:\/\/www.ssdmonticelli.it\/index.php\/wp-json\/wp\/v2\/comments?post=603"}],"version-history":[{"count":1,"href":"https:\/\/www.ssdmonticelli.it\/index.php\/wp-json\/wp\/v2\/posts\/603\/revisions"}],"predecessor-version":[{"id":604,"href":"https:\/\/www.ssdmonticelli.it\/index.php\/wp-json\/wp\/v2\/posts\/603\/revisions\/604"}],"wp:featuredmedia":[{"embeddable":true,"href":"https:\/\/www.ssdmonticelli.it\/index.php\/wp-json\/wp\/v2\/media\/527"}],"wp:attachment":[{"href":"https:\/\/www.ssdmonticelli.it\/index.php\/wp-json\/wp\/v2\/media?parent=603"}],"wp:term":[{"taxonomy":"category","embeddable":true,"href":"https:\/\/www.ssdmonticelli.it\/index.php\/wp-json\/wp\/v2\/categories?post=603"},{"taxonomy":"post_tag","embeddable":true,"href":"https:\/\/www.ssdmonticelli.it\/index.php\/wp-json\/wp\/v2\/tags?post=603"}],"curies":[{"name":"wp","href":"https:\/\/api.w.org\/{rel}","templated":true}]}}