{"id":6100,"date":"2022-05-31T10:41:28","date_gmt":"2022-05-31T09:41:28","guid":{"rendered":"http:\/\/www.ssdmonticelli.it\/?p=6100"},"modified":"2022-05-31T10:42:38","modified_gmt":"2022-05-31T09:42:38","slug":"memorial-carlini-orselli-il-punto-di-mister-zaini","status":"publish","type":"post","link":"https:\/\/www.ssdmonticelli.it\/index.php\/2022\/05\/31\/memorial-carlini-orselli-il-punto-di-mister-zaini\/","title":{"rendered":"MEMORIAL CARLINI ORSELLI, IL PUNTO DI MISTER ZAINI"},"content":{"rendered":"\n<p>Prima gara del \u201cMemorial Carlini Orselli\u201d archiviata con una sconfitta di misura contro la Vigor Castelfidardo. A commentare la prima gara della Juniores \u00e8 stato il mister Luigi Zaini.<\/p>\n\n\n\n<p>\u201cPartecipare a un torneo organizzato in questa maniera per noi \u00e8 molto importante \u2013 dice mister Zaini -; ci serve per crescere. Nella gara d\u2019esordio abbiamo perso di misura ma abbiamo disputato una bella partita, sono soddisfatto dei ragazzi. Va fatto un plauso a questi ragazzi per come stanno affrontando queste partite. Stanno dando il massimo anche dopo la fine del campionato; la mentalit\u00e0 \u00e8 quella giusta. Tenerli sempre sul pezzo e allenati per noi \u00e8 importante per mettere a disposizione della prima squadra giocatori pronti. C\u2019\u00e8 da dire che nella prima gara abbiamo aggregato sette ragazzi degli Allievi, Petritola Castaldo Mioli Carpani Orsini Santini e il portiere Filiaci che ci ha dato una mano anche nel corso del campionato. Questo non solo \u00e8 un modo per ripagare il grande lavoro fatto dallo staff e dai ragazzi durante l\u2019anno, ma \u00e8 anche un\u2019occasione per i ragazzi di mettersi in mostra a livello giovanile ragionale. Archiviata la partita contro la Vigor Castelfidardo, domenica andremo a Capodarco di Fermo a giocare contro la Fermana per poi chiudere il girone il 12 contro il Valdichienti Ponte a Monterocco. Per noi sar\u00e0 un bel banco di prova visto che sono due formazioni molto ben organizzate e corazzate e che si sono giocate la finale palyoff del girone. Noi daremo il massimo per farci trovare pronti per queste due sfide.<\/p>\n","protected":false},"excerpt":{"rendered":"<p>Prima gara del \u201cMemorial Carlini Orselli\u201d archiviata con una sconfitta di misura contro la Vigor Castelfidardo. A commentare la prima gara della Juniores \u00e8 stato il mister Luigi Zaini. \u201cPartecipare a un torneo organizzato in questa maniera per noi \u00e8 molto importante \u2013 dice mister Zaini -; ci serve per crescere. Nella gara d\u2019esordio abbiamo&#8230; <\/p>\n<div class=\"clear\"><\/div>\n<p><a href=\"https:\/\/www.ssdmonticelli.it\/index.php\/2022\/05\/31\/memorial-carlini-orselli-il-punto-di-mister-zaini\/\" class=\"excerpt-read-more\">Read More<\/a><\/p>\n","protected":false},"author":1,"featured_media":6104,"comment_status":"open","ping_status":"open","sticky":false,"template":"","format":"standard","meta":{"footnotes":""},"categories":[7],"tags":[124,125],"class_list":["post-6100","post","type-post","status-publish","format-standard","has-post-thumbnail","hentry","category-news","tag-memorial-carlini","tag-mister-zaini"],"jetpack_featured_media_url":"https:\/\/www.ssdmonticelli.it\/wp-content\/uploads\/2022\/05\/Luigi-Zaini.jpg","_links":{"self":[{"href":"https:\/\/www.ssdmonticelli.it\/index.php\/wp-json\/wp\/v2\/posts\/6100","targetHints":{"allow":["GET"]}}],"collection":[{"href":"https:\/\/www.ssdmonticelli.it\/index.php\/wp-json\/wp\/v2\/posts"}],"about":[{"href":"https:\/\/www.ssdmonticelli.it\/index.php\/wp-json\/wp\/v2\/types\/post"}],"author":[{"embeddable":true,"href":"https:\/\/www.ssdmonticelli.it\/index.php\/wp-json\/wp\/v2\/users\/1"}],"replies":[{"embeddable":true,"href":"https:\/\/www.ssdmonticelli.it\/index.php\/wp-json\/wp\/v2\/comments?post=6100"}],"version-history":[{"count":2,"href":"https:\/\/www.ssdmonticelli.it\/index.php\/wp-json\/wp\/v2\/posts\/6100\/revisions"}],"predecessor-version":[{"id":6103,"href":"https:\/\/www.ssdmonticelli.it\/index.php\/wp-json\/wp\/v2\/posts\/6100\/revisions\/6103"}],"wp:featuredmedia":[{"embeddable":true,"href":"https:\/\/www.ssdmonticelli.it\/index.php\/wp-json\/wp\/v2\/media\/6104"}],"wp:attachment":[{"href":"https:\/\/www.ssdmonticelli.it\/index.php\/wp-json\/wp\/v2\/media?parent=6100"}],"wp:term":[{"taxonomy":"category","embeddable":true,"href":"https:\/\/www.ssdmonticelli.it\/index.php\/wp-json\/wp\/v2\/categories?post=6100"},{"taxonomy":"post_tag","embeddable":true,"href":"https:\/\/www.ssdmonticelli.it\/index.php\/wp-json\/wp\/v2\/tags?post=6100"}],"curies":[{"name":"wp","href":"https:\/\/api.w.org\/{rel}","templated":true}]}}