{"id":616,"date":"2015-11-06T13:26:21","date_gmt":"2015-11-06T11:26:21","guid":{"rendered":"http:\/\/asdmonticelli.it\/?p=616"},"modified":"2015-11-06T13:32:25","modified_gmt":"2015-11-06T11:32:25","slug":"simone-gesue-domenica-prendiamoci-i-tre-punti","status":"publish","type":"post","link":"https:\/\/www.ssdmonticelli.it\/index.php\/2015\/11\/06\/simone-gesue-domenica-prendiamoci-i-tre-punti\/","title":{"rendered":"Simone Gesu\u00e8: domenica prendiamoci i tre punti"},"content":{"rendered":"<p>Simone Gesu\u00e8, centrocampista classe 1996, \u00e8 tornato a parlare dopo una lunga assenza per infortunio. Simone, uno dei protagonisti della bellissima stagione dello scorso anno, ha parlato del suo futuro e dell&#8217;importante scontro di domenica con l&#8217;Olympia Agnonese.<\/p>\n<p>&#8220;Sono molto soddisfatto di essere tornato in campo: per come si erano messe le cose avevo paura di rimanere fuori per almeno\u00a03\/4 mesi. Non sono\u00a0ancora al 100% ma piano piano, e allenandomi con costanza, potr\u00f2 riprendere la condizione. Ho sempre dato il massimo ma in questo momento dovr\u00f2 dare ancora di pi\u00f9 per tornare ad essere importante per la squadra.<\/p>\n<p>Quella di Fermo \u00e8 stata una partita sfortunata. Nel primo tempo loro non hanno tirato in\u00a0porta mentre noi abbiamo avuto due belle palle gol con Sas\u00e0 Margarita. Nel secondo tempo, un po&#8217; per colpa dell&#8217;arbitro e un po&#8217; per errori nostri, siamo andati sotto. Certo che se il direttore di gara non avesse dato quel rigore loro difficilemte avrebbero segnato.<\/p>\n<p>Ora con l&#8217;Agnonese dobbiamo prenderci per forza i tre punti. La partita di domenica inizia a essere importantissima per la salvezza che \u00e8 l&#8217;obiettivo che ci siamo posti. Dobbiamo dare qualcosina in pi\u00f9 rispetto alle ultime partite e lavorando come stiamo facendo, con seriet\u00e0 e intensit\u00e0, ci riusciremo sicuramente.<\/p>\n<p>Il mio cartellino \u00e8 ancora di propriet\u00e0 dell&#8217;Ascoli ma, come l&#8217;anno scorso, sono pronto a dare tutto per questa maglia che sento ormai mia. Credo che ci toglieremo diverse soddisfazioni quest&#8217;anno, alla fine tireremo le somme e vedremo quale sar\u00e0 il mio futuro. Per ora per\u00f2 penso solo al Monticelli!<\/p>\n<p>Sono contento perch\u00e9 il clima in squadra \u00e8 rimasto quello dello scorso anno, un gruppo fantastico fatto di belle persone con le quali \u00e8 bellissimo stare insieme e lavorare&#8221;.<\/p>\n","protected":false},"excerpt":{"rendered":"<p>Simone Gesu\u00e8, centrocampista classe 1996, \u00e8 tornato a parlare dopo una lunga assenza per infortunio. Simone, uno dei protagonisti della bellissima stagione dello scorso anno, ha parlato del suo futuro e dell&#8217;importante scontro di domenica con l&#8217;Olympia Agnonese. &#8220;Sono molto soddisfatto di essere tornato in campo: per come si erano messe le cose avevo paura&#8230; <\/p>\n<div class=\"clear\"><\/div>\n<p><a href=\"https:\/\/www.ssdmonticelli.it\/index.php\/2015\/11\/06\/simone-gesue-domenica-prendiamoci-i-tre-punti\/\" class=\"excerpt-read-more\">Read More<\/a><\/p>\n","protected":false},"author":2,"featured_media":617,"comment_status":"open","ping_status":"open","sticky":false,"template":"","format":"standard","meta":{"footnotes":""},"categories":[1],"tags":[],"class_list":["post-616","post","type-post","status-publish","format-standard","has-post-thumbnail","hentry","category-uncategorized"],"jetpack_featured_media_url":"https:\/\/www.ssdmonticelli.it\/wp-content\/uploads\/2015\/11\/gesu\u00e8.jpg","_links":{"self":[{"href":"https:\/\/www.ssdmonticelli.it\/index.php\/wp-json\/wp\/v2\/posts\/616","targetHints":{"allow":["GET"]}}],"collection":[{"href":"https:\/\/www.ssdmonticelli.it\/index.php\/wp-json\/wp\/v2\/posts"}],"about":[{"href":"https:\/\/www.ssdmonticelli.it\/index.php\/wp-json\/wp\/v2\/types\/post"}],"author":[{"embeddable":true,"href":"https:\/\/www.ssdmonticelli.it\/index.php\/wp-json\/wp\/v2\/users\/2"}],"replies":[{"embeddable":true,"href":"https:\/\/www.ssdmonticelli.it\/index.php\/wp-json\/wp\/v2\/comments?post=616"}],"version-history":[{"count":2,"href":"https:\/\/www.ssdmonticelli.it\/index.php\/wp-json\/wp\/v2\/posts\/616\/revisions"}],"predecessor-version":[{"id":619,"href":"https:\/\/www.ssdmonticelli.it\/index.php\/wp-json\/wp\/v2\/posts\/616\/revisions\/619"}],"wp:featuredmedia":[{"embeddable":true,"href":"https:\/\/www.ssdmonticelli.it\/index.php\/wp-json\/wp\/v2\/media\/617"}],"wp:attachment":[{"href":"https:\/\/www.ssdmonticelli.it\/index.php\/wp-json\/wp\/v2\/media?parent=616"}],"wp:term":[{"taxonomy":"category","embeddable":true,"href":"https:\/\/www.ssdmonticelli.it\/index.php\/wp-json\/wp\/v2\/categories?post=616"},{"taxonomy":"post_tag","embeddable":true,"href":"https:\/\/www.ssdmonticelli.it\/index.php\/wp-json\/wp\/v2\/tags?post=616"}],"curies":[{"name":"wp","href":"https:\/\/api.w.org\/{rel}","templated":true}]}}