{"id":6237,"date":"2022-07-15T18:40:00","date_gmt":"2022-07-15T17:40:00","guid":{"rendered":"http:\/\/www.ssdmonticelli.it\/?p=6237"},"modified":"2022-07-20T09:22:57","modified_gmt":"2022-07-20T08:22:57","slug":"anche-samuel-spinelli-in-prima-squadra","status":"publish","type":"post","link":"https:\/\/www.ssdmonticelli.it\/index.php\/2022\/07\/15\/anche-samuel-spinelli-in-prima-squadra\/","title":{"rendered":"ANCHE SAMUEL SPINELLI IN PRIMA SQUADRA"},"content":{"rendered":"\n<p>Samuel Spinelli, classe 2004, nella prossima stagione far\u00e0 parte della prima squadra. Dopo aver svolto la preparazione estiva con il Monticelli, la scorsa stagione \u00e8 stato girato in presto alla Sanbenedettese aggregandosi al suo settore giovanile. Attaccante \u00e8 cresciuto nel settore giovanile del Castel di Lama. Ritorno in maglia biancoazzurra fortemente voluto sia dal giocatore che dalla societ\u00e0.<\/p>\n\n\n\n<p>Altro giovane di prospettiva che prender\u00e0 parte della rosa del Monticelli, sintomo che la societ\u00e0 ha voglia di costruire una squadra di esperienza, ma con giovani di qualit\u00e0 che possano dare un qualcosa in pi\u00f9.<\/p>\n","protected":false},"excerpt":{"rendered":"<p>Samuel Spinelli, classe 2004, nella prossima stagione far\u00e0 parte della prima squadra. Dopo aver svolto la preparazione estiva con il Monticelli, la scorsa stagione \u00e8 stato girato in presto alla Sanbenedettese aggregandosi al suo settore giovanile. Attaccante \u00e8 cresciuto nel settore giovanile del Castel di Lama. Ritorno in maglia biancoazzurra fortemente voluto sia dal giocatore&#8230; <\/p>\n<div class=\"clear\"><\/div>\n<p><a href=\"https:\/\/www.ssdmonticelli.it\/index.php\/2022\/07\/15\/anche-samuel-spinelli-in-prima-squadra\/\" class=\"excerpt-read-more\">Read More<\/a><\/p>\n","protected":false},"author":1,"featured_media":6238,"comment_status":"open","ping_status":"open","sticky":false,"template":"","format":"standard","meta":{"footnotes":""},"categories":[7],"tags":[26,130],"class_list":["post-6237","post","type-post","status-publish","format-standard","has-post-thumbnail","hentry","category-news","tag-mercato","tag-spinelli"],"jetpack_featured_media_url":"https:\/\/www.ssdmonticelli.it\/wp-content\/uploads\/2022\/07\/SPINELLI_S.jpg","_links":{"self":[{"href":"https:\/\/www.ssdmonticelli.it\/index.php\/wp-json\/wp\/v2\/posts\/6237","targetHints":{"allow":["GET"]}}],"collection":[{"href":"https:\/\/www.ssdmonticelli.it\/index.php\/wp-json\/wp\/v2\/posts"}],"about":[{"href":"https:\/\/www.ssdmonticelli.it\/index.php\/wp-json\/wp\/v2\/types\/post"}],"author":[{"embeddable":true,"href":"https:\/\/www.ssdmonticelli.it\/index.php\/wp-json\/wp\/v2\/users\/1"}],"replies":[{"embeddable":true,"href":"https:\/\/www.ssdmonticelli.it\/index.php\/wp-json\/wp\/v2\/comments?post=6237"}],"version-history":[{"count":2,"href":"https:\/\/www.ssdmonticelli.it\/index.php\/wp-json\/wp\/v2\/posts\/6237\/revisions"}],"predecessor-version":[{"id":6240,"href":"https:\/\/www.ssdmonticelli.it\/index.php\/wp-json\/wp\/v2\/posts\/6237\/revisions\/6240"}],"wp:featuredmedia":[{"embeddable":true,"href":"https:\/\/www.ssdmonticelli.it\/index.php\/wp-json\/wp\/v2\/media\/6238"}],"wp:attachment":[{"href":"https:\/\/www.ssdmonticelli.it\/index.php\/wp-json\/wp\/v2\/media?parent=6237"}],"wp:term":[{"taxonomy":"category","embeddable":true,"href":"https:\/\/www.ssdmonticelli.it\/index.php\/wp-json\/wp\/v2\/categories?post=6237"},{"taxonomy":"post_tag","embeddable":true,"href":"https:\/\/www.ssdmonticelli.it\/index.php\/wp-json\/wp\/v2\/tags?post=6237"}],"curies":[{"name":"wp","href":"https:\/\/api.w.org\/{rel}","templated":true}]}}