{"id":6495,"date":"2022-10-16T14:11:01","date_gmt":"2022-10-16T13:11:01","guid":{"rendered":"http:\/\/www.ssdmonticelli.it\/?p=6495"},"modified":"2022-10-16T14:11:02","modified_gmt":"2022-10-16T13:11:02","slug":"si-riempiono-gli-spalti-al-don-mauro-bartolini","status":"publish","type":"post","link":"https:\/\/www.ssdmonticelli.it\/index.php\/2022\/10\/16\/si-riempiono-gli-spalti-al-don-mauro-bartolini\/","title":{"rendered":"SI RIEMPIONO GLI SPALTI AL &#8220;DON MAURO BARTOLINI&#8221;"},"content":{"rendered":"\n<p>A parlare dopo la gara pareggiata per 1 a 1 contro l&#8217;Atletico Centobuchi \u00e8 stato il presidente Francesco Castelli.<\/p>\n\n\n\n<p>&#8220;La gara di ieri \u00e8 stata una gara strana. Abbiamo chiuso il primo tempo sotto ma siamo stati bravi nella ripresa a trovare il pareggio. Lo spirito combattivo \u00e8 quello che mi piace ed \u00e8 quello che voglio vedere ogni sabato dai miei ragazzi. Essere imbattuti da cinque gare \u00e8 sicuramente un segnale forte anche perch\u00e9 abbiamo incontrato squadre molto corazzate e di livello. Credo che questa sia la strada giusta per fare bene quest&#8217;anno.<\/p>\n\n\n\n<p>Ci tengo a ringraziare di cuore tutte le persone che sono venute a vederci. La tribuna era piena. E&#8217; questo quello che noi chiamiamo &#8220;essere Monticelli&#8221; ed \u00e8 questo quello che ci mancava da troppo tempo. Per noi il sostegno del pubblico \u00e8 fondamentale. Ci sar\u00e0 d&#8217;aiuto anche nelle gare in cui ci sar\u00e0 da soffrire. Saranno il nostro dodicesimo uomo in campo. Un ringraziamento speciale va fatto a tutti i ragazzi del settore giovanile che hanno riempito la curva nord. Ci hanno incitato e sostenuto per tutti i 90 minuti. Ci hanno fatto sentire la loro vicinanza. Sono stati encomiabili. Spero che questa bella atmosfera si possa vedere ogni sabato.&#8221;<\/p>\n\n\n\n<p>A sottolineare la bella cornice di pubblico \u00e8 stato anche il direttore generale e responsabile del settore giovanile Pietro Zaini via social: &#8220;Dopo 3 anni di sacrifici vedere i nostri ragazzi del settore giovanile incitare la prima squadra \u00e8 stata un emozione forte che fa bene al calcio.&#8221;<\/p>\n\n\n\n<figure class=\"wp-block-image size-large\"><a href=\"http:\/\/www.ssdmonticelli.it\/wp-content\/uploads\/2022\/10\/WhatsApp-Image-2022-10-15-at-16.58.08-3.jpeg\"><img loading=\"lazy\" decoding=\"async\" width=\"1024\" height=\"680\" src=\"http:\/\/www.ssdmonticelli.it\/wp-content\/uploads\/2022\/10\/WhatsApp-Image-2022-10-15-at-16.58.08-3-1024x680.jpeg\" alt=\"\" class=\"wp-image-6498\" srcset=\"https:\/\/www.ssdmonticelli.it\/wp-content\/uploads\/2022\/10\/WhatsApp-Image-2022-10-15-at-16.58.08-3-1024x680.jpeg 1024w, https:\/\/www.ssdmonticelli.it\/wp-content\/uploads\/2022\/10\/WhatsApp-Image-2022-10-15-at-16.58.08-3-300x199.jpeg 300w, https:\/\/www.ssdmonticelli.it\/wp-content\/uploads\/2022\/10\/WhatsApp-Image-2022-10-15-at-16.58.08-3-768x510.jpeg 768w, https:\/\/www.ssdmonticelli.it\/wp-content\/uploads\/2022\/10\/WhatsApp-Image-2022-10-15-at-16.58.08-3-1536x1020.jpeg 1536w, https:\/\/www.ssdmonticelli.it\/wp-content\/uploads\/2022\/10\/WhatsApp-Image-2022-10-15-at-16.58.08-3-310x206.jpeg 310w, https:\/\/www.ssdmonticelli.it\/wp-content\/uploads\/2022\/10\/WhatsApp-Image-2022-10-15-at-16.58.08-3-60x40.jpeg 60w, https:\/\/www.ssdmonticelli.it\/wp-content\/uploads\/2022\/10\/WhatsApp-Image-2022-10-15-at-16.58.08-3.jpeg 1600w\" sizes=\"auto, (max-width: 1024px) 100vw, 1024px\" \/><\/a><figcaption>Al termine della gara la squadra \u00e8 andata sotto la curva nord a ricevere l&#8217;abbraccio dei tifosi.<\/figcaption><\/figure>\n\n\n\n<p><\/p>\n","protected":false},"excerpt":{"rendered":"<p>A parlare dopo la gara pareggiata per 1 a 1 contro l&#8217;Atletico Centobuchi \u00e8 stato il presidente Francesco Castelli. &#8220;La gara di ieri \u00e8 stata una gara strana. Abbiamo chiuso il primo tempo sotto ma siamo stati bravi nella ripresa a trovare il pareggio. Lo spirito combattivo \u00e8 quello che mi piace ed \u00e8 quello&#8230; <\/p>\n<div class=\"clear\"><\/div>\n<p><a href=\"https:\/\/www.ssdmonticelli.it\/index.php\/2022\/10\/16\/si-riempiono-gli-spalti-al-don-mauro-bartolini\/\" class=\"excerpt-read-more\">Read More<\/a><\/p>\n","protected":false},"author":1,"featured_media":6496,"comment_status":"open","ping_status":"open","sticky":false,"template":"","format":"standard","meta":{"footnotes":""},"categories":[7],"tags":[23],"class_list":["post-6495","post","type-post","status-publish","format-standard","has-post-thumbnail","hentry","category-news","tag-monticelli"],"jetpack_featured_media_url":"https:\/\/www.ssdmonticelli.it\/wp-content\/uploads\/2022\/10\/WhatsApp-Image-2022-10-15-at-16.58.08-1.jpeg","_links":{"self":[{"href":"https:\/\/www.ssdmonticelli.it\/index.php\/wp-json\/wp\/v2\/posts\/6495","targetHints":{"allow":["GET"]}}],"collection":[{"href":"https:\/\/www.ssdmonticelli.it\/index.php\/wp-json\/wp\/v2\/posts"}],"about":[{"href":"https:\/\/www.ssdmonticelli.it\/index.php\/wp-json\/wp\/v2\/types\/post"}],"author":[{"embeddable":true,"href":"https:\/\/www.ssdmonticelli.it\/index.php\/wp-json\/wp\/v2\/users\/1"}],"replies":[{"embeddable":true,"href":"https:\/\/www.ssdmonticelli.it\/index.php\/wp-json\/wp\/v2\/comments?post=6495"}],"version-history":[{"count":2,"href":"https:\/\/www.ssdmonticelli.it\/index.php\/wp-json\/wp\/v2\/posts\/6495\/revisions"}],"predecessor-version":[{"id":6500,"href":"https:\/\/www.ssdmonticelli.it\/index.php\/wp-json\/wp\/v2\/posts\/6495\/revisions\/6500"}],"wp:featuredmedia":[{"embeddable":true,"href":"https:\/\/www.ssdmonticelli.it\/index.php\/wp-json\/wp\/v2\/media\/6496"}],"wp:attachment":[{"href":"https:\/\/www.ssdmonticelli.it\/index.php\/wp-json\/wp\/v2\/media?parent=6495"}],"wp:term":[{"taxonomy":"category","embeddable":true,"href":"https:\/\/www.ssdmonticelli.it\/index.php\/wp-json\/wp\/v2\/categories?post=6495"},{"taxonomy":"post_tag","embeddable":true,"href":"https:\/\/www.ssdmonticelli.it\/index.php\/wp-json\/wp\/v2\/tags?post=6495"}],"curies":[{"name":"wp","href":"https:\/\/api.w.org\/{rel}","templated":true}]}}