{"id":6735,"date":"2023-06-14T14:29:21","date_gmt":"2023-06-14T13:29:21","guid":{"rendered":"http:\/\/www.ssdmonticelli.it\/?p=6735"},"modified":"2023-06-14T14:42:44","modified_gmt":"2023-06-14T13:42:44","slug":"arrivano-le-prime-conferme-vallorani-resta-a-monticelli","status":"publish","type":"post","link":"https:\/\/www.ssdmonticelli.it\/index.php\/2023\/06\/14\/arrivano-le-prime-conferme-vallorani-resta-a-monticelli\/","title":{"rendered":"ARRIVANO LE PRIME CONFERME. VALLORANI RESTA A MONTICELLI"},"content":{"rendered":"\n<p>Dopo il ritorno di mister Settembri, il presidente Castelli, il vicepresidente Di Matteo e il ds Spinelli ufficializzano la prima conferma. Si tratta del forte difensore Simone Vallorani. Nato e cresciuto a Monticelli, calcisticamente ha frequentato i settori giovanili di Monticelli e Ascoli ha vestito la maglia del Monticelli per quattro anni tre in serie D e uno in Eccellenza disputando alcune gara con la fascia da capitano. Nella sua carriera ha vestito anche le maglie di Porto d&#8217;Ascoli, Atletico Ascoli e Maceratese. Ha vestito per 104 la maglia del Monticelli e ha all&#8217;attivo due gol, uno segnato con il Monticelli e uno con la Maceratese. \u00c8 tornato tra i biancoazzurri nello scorso mercato invernale e nei successivi mesi ha dimostrato grande professionalit\u00e0 oltre che essere un giocatore di livello. Nella passata stagione si \u00e8 dimostrato un calciatore duttile ricoprendo sia il ruolo di terzino destro che quello di centrale di difesa. Grazie anche alla suo contributo il Monticelli \u00e8 riuscito a raggiungere l&#8217;obiettivo salvezza.<\/p>\n\n\n\n<p>La societ\u00e0 \u00e8 felice di avere Simone in squadra convita che la sua personalit\u00e0, il suo carattere e il suo attaccamento alla maglia potranno essere utili alla squadra anche nella prossima stagione.<\/p>\n\n\n\n<figure class=\"wp-block-image size-large is-resized\"><a href=\"http:\/\/www.ssdmonticelli.it\/wp-content\/uploads\/2023\/06\/VALLORANI.jpg\"><img loading=\"lazy\" decoding=\"async\" src=\"http:\/\/www.ssdmonticelli.it\/wp-content\/uploads\/2023\/06\/VALLORANI-1024x1024.jpg\" alt=\"\" class=\"wp-image-6737\" width=\"400\" height=\"400\" srcset=\"https:\/\/www.ssdmonticelli.it\/wp-content\/uploads\/2023\/06\/VALLORANI-1024x1024.jpg 1024w, https:\/\/www.ssdmonticelli.it\/wp-content\/uploads\/2023\/06\/VALLORANI-300x300.jpg 300w, https:\/\/www.ssdmonticelli.it\/wp-content\/uploads\/2023\/06\/VALLORANI-150x150.jpg 150w, https:\/\/www.ssdmonticelli.it\/wp-content\/uploads\/2023\/06\/VALLORANI-768x768.jpg 768w, https:\/\/www.ssdmonticelli.it\/wp-content\/uploads\/2023\/06\/VALLORANI-310x310.jpg 310w, https:\/\/www.ssdmonticelli.it\/wp-content\/uploads\/2023\/06\/VALLORANI-60x60.jpg 60w, https:\/\/www.ssdmonticelli.it\/wp-content\/uploads\/2023\/06\/VALLORANI-400x400.jpg 400w, https:\/\/www.ssdmonticelli.it\/wp-content\/uploads\/2023\/06\/VALLORANI.jpg 1080w\" sizes=\"auto, (max-width: 400px) 100vw, 400px\" \/><\/a><\/figure>\n","protected":false},"excerpt":{"rendered":"<p>Dopo il ritorno di mister Settembri, il presidente Castelli, il vicepresidente Di Matteo e il ds Spinelli ufficializzano la prima conferma. Si tratta del forte difensore Simone Vallorani. Nato e cresciuto a Monticelli, calcisticamente ha frequentato i settori giovanili di Monticelli e Ascoli ha vestito la maglia del Monticelli per quattro anni tre in serie&#8230; <\/p>\n<div class=\"clear\"><\/div>\n<p><a href=\"https:\/\/www.ssdmonticelli.it\/index.php\/2023\/06\/14\/arrivano-le-prime-conferme-vallorani-resta-a-monticelli\/\" class=\"excerpt-read-more\">Read More<\/a><\/p>\n","protected":false},"author":1,"featured_media":6736,"comment_status":"open","ping_status":"open","sticky":false,"template":"","format":"standard","meta":{"footnotes":""},"categories":[7],"tags":[26,161],"class_list":["post-6735","post","type-post","status-publish","format-standard","has-post-thumbnail","hentry","category-news","tag-mercato","tag-vallorani"],"jetpack_featured_media_url":"https:\/\/www.ssdmonticelli.it\/wp-content\/uploads\/2023\/06\/27-scaled.jpg","_links":{"self":[{"href":"https:\/\/www.ssdmonticelli.it\/index.php\/wp-json\/wp\/v2\/posts\/6735","targetHints":{"allow":["GET"]}}],"collection":[{"href":"https:\/\/www.ssdmonticelli.it\/index.php\/wp-json\/wp\/v2\/posts"}],"about":[{"href":"https:\/\/www.ssdmonticelli.it\/index.php\/wp-json\/wp\/v2\/types\/post"}],"author":[{"embeddable":true,"href":"https:\/\/www.ssdmonticelli.it\/index.php\/wp-json\/wp\/v2\/users\/1"}],"replies":[{"embeddable":true,"href":"https:\/\/www.ssdmonticelli.it\/index.php\/wp-json\/wp\/v2\/comments?post=6735"}],"version-history":[{"count":3,"href":"https:\/\/www.ssdmonticelli.it\/index.php\/wp-json\/wp\/v2\/posts\/6735\/revisions"}],"predecessor-version":[{"id":6740,"href":"https:\/\/www.ssdmonticelli.it\/index.php\/wp-json\/wp\/v2\/posts\/6735\/revisions\/6740"}],"wp:featuredmedia":[{"embeddable":true,"href":"https:\/\/www.ssdmonticelli.it\/index.php\/wp-json\/wp\/v2\/media\/6736"}],"wp:attachment":[{"href":"https:\/\/www.ssdmonticelli.it\/index.php\/wp-json\/wp\/v2\/media?parent=6735"}],"wp:term":[{"taxonomy":"category","embeddable":true,"href":"https:\/\/www.ssdmonticelli.it\/index.php\/wp-json\/wp\/v2\/categories?post=6735"},{"taxonomy":"post_tag","embeddable":true,"href":"https:\/\/www.ssdmonticelli.it\/index.php\/wp-json\/wp\/v2\/tags?post=6735"}],"curies":[{"name":"wp","href":"https:\/\/api.w.org\/{rel}","templated":true}]}}