{"id":6741,"date":"2023-06-14T20:00:00","date_gmt":"2023-06-14T19:00:00","guid":{"rendered":"http:\/\/www.ssdmonticelli.it\/?p=6741"},"modified":"2023-06-15T09:06:53","modified_gmt":"2023-06-15T08:06:53","slug":"confermato-anche-vespa","status":"publish","type":"post","link":"https:\/\/www.ssdmonticelli.it\/index.php\/2023\/06\/14\/confermato-anche-vespa\/","title":{"rendered":"CONFERMATO ANCHE VESPA"},"content":{"rendered":"\n<p>Dopo l\u2019ufficialit\u00e0 di Simone Vallorani arriva un\u2019altra importante conferma. Infatti la societ\u00e0 conferma per la prossima stagione il centrocampista Giorgio Vespa. Esterno sinistro nei vari anni \u00e8 stato uno dei protagonisti del Monticelli realizzando fin ora quattro gol. Nella stagione appena conclusa \u00e8 rimasto a secco di gol ma \u00e8 stato uno dei pi\u00f9 attivi del reparto offensivo creando una notevole mole di gioco e di azioni, mettendo pi\u00f9 volte in pericolo <a><\/a>le retroguardie avversarie. Con la maglia del Monticelli ha esordito ormai cinque anni fa nel campionato di Eccellenza dopo alcuni anni nel settore giovanile.<\/p>\n\n\n\n<p>Calciatore dalle grandi qualit\u00e0 e ragazzo serio ha sempre dimostrato grande voglia di far bene e attaccamento alla maglia. Anche Giorgio sar\u00e0 un uomo dal quale ripartire per il nuovo scacchiere di mister Settembri.<\/p>\n","protected":false},"excerpt":{"rendered":"<p>Dopo l\u2019ufficialit\u00e0 di Simone Vallorani arriva un\u2019altra importante conferma. Infatti la societ\u00e0 conferma per la prossima stagione il centrocampista Giorgio Vespa. Esterno sinistro nei vari anni \u00e8 stato uno dei protagonisti del Monticelli realizzando fin ora quattro gol. Nella stagione appena conclusa \u00e8 rimasto a secco di gol ma \u00e8 stato uno dei pi\u00f9 attivi&#8230; <\/p>\n<div class=\"clear\"><\/div>\n<p><a href=\"https:\/\/www.ssdmonticelli.it\/index.php\/2023\/06\/14\/confermato-anche-vespa\/\" class=\"excerpt-read-more\">Read More<\/a><\/p>\n","protected":false},"author":1,"featured_media":6742,"comment_status":"open","ping_status":"open","sticky":false,"template":"","format":"standard","meta":{"footnotes":""},"categories":[7],"tags":[26,49],"class_list":["post-6741","post","type-post","status-publish","format-standard","has-post-thumbnail","hentry","category-news","tag-mercato","tag-vespa"],"jetpack_featured_media_url":"https:\/\/www.ssdmonticelli.it\/wp-content\/uploads\/2023\/06\/DSC_0233-scaled.jpg","_links":{"self":[{"href":"https:\/\/www.ssdmonticelli.it\/index.php\/wp-json\/wp\/v2\/posts\/6741","targetHints":{"allow":["GET"]}}],"collection":[{"href":"https:\/\/www.ssdmonticelli.it\/index.php\/wp-json\/wp\/v2\/posts"}],"about":[{"href":"https:\/\/www.ssdmonticelli.it\/index.php\/wp-json\/wp\/v2\/types\/post"}],"author":[{"embeddable":true,"href":"https:\/\/www.ssdmonticelli.it\/index.php\/wp-json\/wp\/v2\/users\/1"}],"replies":[{"embeddable":true,"href":"https:\/\/www.ssdmonticelli.it\/index.php\/wp-json\/wp\/v2\/comments?post=6741"}],"version-history":[{"count":2,"href":"https:\/\/www.ssdmonticelli.it\/index.php\/wp-json\/wp\/v2\/posts\/6741\/revisions"}],"predecessor-version":[{"id":6744,"href":"https:\/\/www.ssdmonticelli.it\/index.php\/wp-json\/wp\/v2\/posts\/6741\/revisions\/6744"}],"wp:featuredmedia":[{"embeddable":true,"href":"https:\/\/www.ssdmonticelli.it\/index.php\/wp-json\/wp\/v2\/media\/6742"}],"wp:attachment":[{"href":"https:\/\/www.ssdmonticelli.it\/index.php\/wp-json\/wp\/v2\/media?parent=6741"}],"wp:term":[{"taxonomy":"category","embeddable":true,"href":"https:\/\/www.ssdmonticelli.it\/index.php\/wp-json\/wp\/v2\/categories?post=6741"},{"taxonomy":"post_tag","embeddable":true,"href":"https:\/\/www.ssdmonticelli.it\/index.php\/wp-json\/wp\/v2\/tags?post=6741"}],"curies":[{"name":"wp","href":"https:\/\/api.w.org\/{rel}","templated":true}]}}