{"id":6749,"date":"2023-06-16T18:14:37","date_gmt":"2023-06-16T17:14:37","guid":{"rendered":"http:\/\/www.ssdmonticelli.it\/?p=6749"},"modified":"2023-06-16T18:14:39","modified_gmt":"2023-06-16T17:14:39","slug":"arriva-la-conferma-di-fattori-per-la-difesa","status":"publish","type":"post","link":"https:\/\/www.ssdmonticelli.it\/index.php\/2023\/06\/16\/arriva-la-conferma-di-fattori-per-la-difesa\/","title":{"rendered":"ARRIVA LA CONFERMA DI FATTORI PER LA DIFESA"},"content":{"rendered":"\n<p>Nella serata il presidente Castelli, il vicepresidente Di Matteo e il ds Spinelli annunciano la conferma del giovane Nicol\u00f2 Fattori. Difensore centrale classe 2003, vestir\u00e0 la maglia del Monticelli per il terzo anno consecutivo. Nella passata stagione \u00e8 stato uno dei protagonisti, crescendo sul piano tecnico partita dopo partita. Suo il gol contro il Castignano cha ha sancito la matematica salvezza. meno fortunata la stagione appena conclusa dove \u00e8 stato vittima di vari infortuni che lo hanno tenuto lontano dal campo per diverso tempo. Nicol\u00f2 occuper\u00e0 lo slot degli under anche per il prossimo campionato.<\/p>\n\n\n\n<p>Ragazzo con ampi margini di crescita, in questi due anni ha dimostrato di avere carattere fronteggiando con decisione attaccanti molto esperti. La societ\u00e0 punta su di lui consapevole che questo possa essere l\u2019anno decisivo per il salto di qualit\u00e0.<\/p>\n","protected":false},"excerpt":{"rendered":"<p>Nella serata il presidente Castelli, il vicepresidente Di Matteo e il ds Spinelli annunciano la conferma del giovane Nicol\u00f2 Fattori. Difensore centrale classe 2003, vestir\u00e0 la maglia del Monticelli per il terzo anno consecutivo. Nella passata stagione \u00e8 stato uno dei protagonisti, crescendo sul piano tecnico partita dopo partita. Suo il gol contro il Castignano&#8230; <\/p>\n<div class=\"clear\"><\/div>\n<p><a href=\"https:\/\/www.ssdmonticelli.it\/index.php\/2023\/06\/16\/arriva-la-conferma-di-fattori-per-la-difesa\/\" class=\"excerpt-read-more\">Read More<\/a><\/p>\n","protected":false},"author":1,"featured_media":5842,"comment_status":"open","ping_status":"open","sticky":false,"template":"","format":"standard","meta":{"footnotes":""},"categories":[7],"tags":[26,131],"class_list":["post-6749","post","type-post","status-publish","format-standard","has-post-thumbnail","hentry","category-news","tag-mercato","tag-fattori"],"jetpack_featured_media_url":"https:\/\/www.ssdmonticelli.it\/wp-content\/uploads\/2021\/12\/DSC_0081-scaled.jpg","_links":{"self":[{"href":"https:\/\/www.ssdmonticelli.it\/index.php\/wp-json\/wp\/v2\/posts\/6749","targetHints":{"allow":["GET"]}}],"collection":[{"href":"https:\/\/www.ssdmonticelli.it\/index.php\/wp-json\/wp\/v2\/posts"}],"about":[{"href":"https:\/\/www.ssdmonticelli.it\/index.php\/wp-json\/wp\/v2\/types\/post"}],"author":[{"embeddable":true,"href":"https:\/\/www.ssdmonticelli.it\/index.php\/wp-json\/wp\/v2\/users\/1"}],"replies":[{"embeddable":true,"href":"https:\/\/www.ssdmonticelli.it\/index.php\/wp-json\/wp\/v2\/comments?post=6749"}],"version-history":[{"count":2,"href":"https:\/\/www.ssdmonticelli.it\/index.php\/wp-json\/wp\/v2\/posts\/6749\/revisions"}],"predecessor-version":[{"id":6751,"href":"https:\/\/www.ssdmonticelli.it\/index.php\/wp-json\/wp\/v2\/posts\/6749\/revisions\/6751"}],"wp:featuredmedia":[{"embeddable":true,"href":"https:\/\/www.ssdmonticelli.it\/index.php\/wp-json\/wp\/v2\/media\/5842"}],"wp:attachment":[{"href":"https:\/\/www.ssdmonticelli.it\/index.php\/wp-json\/wp\/v2\/media?parent=6749"}],"wp:term":[{"taxonomy":"category","embeddable":true,"href":"https:\/\/www.ssdmonticelli.it\/index.php\/wp-json\/wp\/v2\/categories?post=6749"},{"taxonomy":"post_tag","embeddable":true,"href":"https:\/\/www.ssdmonticelli.it\/index.php\/wp-json\/wp\/v2\/tags?post=6749"}],"curies":[{"name":"wp","href":"https:\/\/api.w.org\/{rel}","templated":true}]}}