{"id":6828,"date":"2023-06-26T17:43:00","date_gmt":"2023-06-26T16:43:00","guid":{"rendered":"http:\/\/www.ssdmonticelli.it\/?p=6828"},"modified":"2023-06-27T07:48:22","modified_gmt":"2023-06-27T06:48:22","slug":"manuel-carillo-saluta-il-monticelli","status":"publish","type":"post","link":"https:\/\/www.ssdmonticelli.it\/index.php\/2023\/06\/26\/manuel-carillo-saluta-il-monticelli\/","title":{"rendered":"MANUEL CARILLO SALUTA IL MONTICELLI"},"content":{"rendered":"\n<p>Dopo una stagione Manuel Carillo saluta il Monticelli. Attaccante nella passata stagione \u00e8 stato impiegato principalmente nella prima parte del campionato. Nella stagione ha collezionato 29 presenze realizzando 3 gol tra campionato e coppa. In questi mesi Manuel si \u00e8 distinto per la sua seriet\u00e0 e educazione sia dentro che fuori dal campo. Torner\u00e0 all\u2019Atletico Ascoli per fine prestito.<\/p>\n\n\n\n<p>A Manuel vanno i miglior auguri della societ\u00e0 per un <a><\/a>futuro ricco di soddisfazioni calcistiche e personali.<\/p>\n","protected":false},"excerpt":{"rendered":"<p>Dopo una stagione Manuel Carillo saluta il Monticelli. Attaccante nella passata stagione \u00e8 stato impiegato principalmente nella prima parte del campionato. Nella stagione ha collezionato 29 presenze realizzando 3 gol tra campionato e coppa. In questi mesi Manuel si \u00e8 distinto per la sua seriet\u00e0 e educazione sia dentro che fuori dal campo. Torner\u00e0 all\u2019Atletico&#8230; <\/p>\n<div class=\"clear\"><\/div>\n<p><a href=\"https:\/\/www.ssdmonticelli.it\/index.php\/2023\/06\/26\/manuel-carillo-saluta-il-monticelli\/\" class=\"excerpt-read-more\">Read More<\/a><\/p>\n","protected":false},"author":1,"featured_media":6829,"comment_status":"open","ping_status":"open","sticky":false,"template":"","format":"standard","meta":{"footnotes":""},"categories":[7],"tags":[26,140],"class_list":["post-6828","post","type-post","status-publish","format-standard","has-post-thumbnail","hentry","category-news","tag-mercato","tag-carillo"],"jetpack_featured_media_url":"https:\/\/www.ssdmonticelli.it\/wp-content\/uploads\/2023\/06\/DSC_0288-scaled.jpg","_links":{"self":[{"href":"https:\/\/www.ssdmonticelli.it\/index.php\/wp-json\/wp\/v2\/posts\/6828","targetHints":{"allow":["GET"]}}],"collection":[{"href":"https:\/\/www.ssdmonticelli.it\/index.php\/wp-json\/wp\/v2\/posts"}],"about":[{"href":"https:\/\/www.ssdmonticelli.it\/index.php\/wp-json\/wp\/v2\/types\/post"}],"author":[{"embeddable":true,"href":"https:\/\/www.ssdmonticelli.it\/index.php\/wp-json\/wp\/v2\/users\/1"}],"replies":[{"embeddable":true,"href":"https:\/\/www.ssdmonticelli.it\/index.php\/wp-json\/wp\/v2\/comments?post=6828"}],"version-history":[{"count":2,"href":"https:\/\/www.ssdmonticelli.it\/index.php\/wp-json\/wp\/v2\/posts\/6828\/revisions"}],"predecessor-version":[{"id":6831,"href":"https:\/\/www.ssdmonticelli.it\/index.php\/wp-json\/wp\/v2\/posts\/6828\/revisions\/6831"}],"wp:featuredmedia":[{"embeddable":true,"href":"https:\/\/www.ssdmonticelli.it\/index.php\/wp-json\/wp\/v2\/media\/6829"}],"wp:attachment":[{"href":"https:\/\/www.ssdmonticelli.it\/index.php\/wp-json\/wp\/v2\/media?parent=6828"}],"wp:term":[{"taxonomy":"category","embeddable":true,"href":"https:\/\/www.ssdmonticelli.it\/index.php\/wp-json\/wp\/v2\/categories?post=6828"},{"taxonomy":"post_tag","embeddable":true,"href":"https:\/\/www.ssdmonticelli.it\/index.php\/wp-json\/wp\/v2\/tags?post=6828"}],"curies":[{"name":"wp","href":"https:\/\/api.w.org\/{rel}","templated":true}]}}