{"id":6841,"date":"2023-06-27T20:21:00","date_gmt":"2023-06-27T19:21:00","guid":{"rendered":"http:\/\/www.ssdmonticelli.it\/?p=6841"},"modified":"2023-06-27T20:21:02","modified_gmt":"2023-06-27T19:21:02","slug":"il-monticelli-blinda-davide-raffaello","status":"publish","type":"post","link":"https:\/\/www.ssdmonticelli.it\/index.php\/2023\/06\/27\/il-monticelli-blinda-davide-raffaello\/","title":{"rendered":"IL MONTICELLI BLINDA DAVIDE RAFFAELLO"},"content":{"rendered":"\n<p>Arriva un\u2019altra importantissima riconferma in casa Monticelli. Il presidente Castelli, il vide Di Matteo e il ds Spinelli annunciano che Davide Raffaello proseguir\u00e0 il sodalizio col Monticelli. Arrivato lo scorso anno come colpo di mercato, si \u00e8 subito inserto nella mentalit\u00e0 e nelle dinamiche del Monticelli diventando in poco tempo leader dentro e fuori dal campo. Centrocampista di livello, in questo campionato ha dimostrato di avere colpi importanti giocando partite di spessore. Con lui il centrocampo ha una marcia in pi\u00f9. 27 presenze tra campionato e coppa, farcite da tre gol contro Aurora Treia, Futura 96 e Passatempese. In questi mesi ha dimostrato grande attaccamento alla maglia.<\/p>\n\n\n\n<p>La societ\u00e0 \u00e8 lieta di continuare con un professionista serio come Davide, convinta che insieme ci si riuscir\u00e0 a togliere belle soddisfazioni nella prossima stagione.<\/p>\n","protected":false},"excerpt":{"rendered":"<p>Arriva un\u2019altra importantissima riconferma in casa Monticelli. Il presidente Castelli, il vide Di Matteo e il ds Spinelli annunciano che Davide Raffaello proseguir\u00e0 il sodalizio col Monticelli. Arrivato lo scorso anno come colpo di mercato, si \u00e8 subito inserto nella mentalit\u00e0 e nelle dinamiche del Monticelli diventando in poco tempo leader dentro e fuori dal&#8230; <\/p>\n<div class=\"clear\"><\/div>\n<p><a href=\"https:\/\/www.ssdmonticelli.it\/index.php\/2023\/06\/27\/il-monticelli-blinda-davide-raffaello\/\" class=\"excerpt-read-more\">Read More<\/a><\/p>\n","protected":false},"author":1,"featured_media":6842,"comment_status":"open","ping_status":"open","sticky":false,"template":"","format":"standard","meta":{"footnotes":""},"categories":[7],"tags":[26,128],"class_list":["post-6841","post","type-post","status-publish","format-standard","has-post-thumbnail","hentry","category-news","tag-mercato","tag-raffaello"],"jetpack_featured_media_url":"https:\/\/www.ssdmonticelli.it\/wp-content\/uploads\/2023\/06\/IMG-20230328-WA0011.jpg","_links":{"self":[{"href":"https:\/\/www.ssdmonticelli.it\/index.php\/wp-json\/wp\/v2\/posts\/6841","targetHints":{"allow":["GET"]}}],"collection":[{"href":"https:\/\/www.ssdmonticelli.it\/index.php\/wp-json\/wp\/v2\/posts"}],"about":[{"href":"https:\/\/www.ssdmonticelli.it\/index.php\/wp-json\/wp\/v2\/types\/post"}],"author":[{"embeddable":true,"href":"https:\/\/www.ssdmonticelli.it\/index.php\/wp-json\/wp\/v2\/users\/1"}],"replies":[{"embeddable":true,"href":"https:\/\/www.ssdmonticelli.it\/index.php\/wp-json\/wp\/v2\/comments?post=6841"}],"version-history":[{"count":2,"href":"https:\/\/www.ssdmonticelli.it\/index.php\/wp-json\/wp\/v2\/posts\/6841\/revisions"}],"predecessor-version":[{"id":6844,"href":"https:\/\/www.ssdmonticelli.it\/index.php\/wp-json\/wp\/v2\/posts\/6841\/revisions\/6844"}],"wp:featuredmedia":[{"embeddable":true,"href":"https:\/\/www.ssdmonticelli.it\/index.php\/wp-json\/wp\/v2\/media\/6842"}],"wp:attachment":[{"href":"https:\/\/www.ssdmonticelli.it\/index.php\/wp-json\/wp\/v2\/media?parent=6841"}],"wp:term":[{"taxonomy":"category","embeddable":true,"href":"https:\/\/www.ssdmonticelli.it\/index.php\/wp-json\/wp\/v2\/categories?post=6841"},{"taxonomy":"post_tag","embeddable":true,"href":"https:\/\/www.ssdmonticelli.it\/index.php\/wp-json\/wp\/v2\/tags?post=6841"}],"curies":[{"name":"wp","href":"https:\/\/api.w.org\/{rel}","templated":true}]}}