{"id":6870,"date":"2023-07-06T18:30:00","date_gmt":"2023-07-06T17:30:00","guid":{"rendered":"http:\/\/www.ssdmonticelli.it\/?p=6870"},"modified":"2023-07-07T14:36:04","modified_gmt":"2023-07-07T13:36:04","slug":"confermato-anche-poli","status":"publish","type":"post","link":"https:\/\/www.ssdmonticelli.it\/index.php\/2023\/07\/06\/confermato-anche-poli\/","title":{"rendered":"CONFERMATO ANCHE POLI"},"content":{"rendered":"\n<p>La societ\u00e0 annuncia che Matteo Poli far\u00e0 parte del Monticelli anche nella prossima stagione. Classe 2003 \u00e8 cresciuto nel settore giovanile del Monticelli per poi passare all\u2019Atletico Azzurra Colli in Eccellenza. Nella prima parte della scorsa stagione ha fatto parte della rosa della Juniores della Sanbenedettese, prima di fare ritorno al Monticelli. Nella passata stagione fondamentale \u00e8 stato anche il suo apporto per il raggiungimento della salvezza: Matteo ha lavorato bene durante i mesi e si \u00e8 fatto sempre trovare pronto ogni volta che \u00e8 stato chiamato in causa.<\/p>\n\n\n\n<p>Altro giovane di prospettiva che prender\u00e0 fa parte del Monticelli di oggi e che sar\u00e0 untili per costruire il Monticelli del domani.<\/p>\n","protected":false},"excerpt":{"rendered":"<p>La societ\u00e0 annuncia che Matteo Poli far\u00e0 parte del Monticelli anche nella prossima stagione. Classe 2003 \u00e8 cresciuto nel settore giovanile del Monticelli per poi passare all\u2019Atletico Azzurra Colli in Eccellenza. Nella prima parte della scorsa stagione ha fatto parte della rosa della Juniores della Sanbenedettese, prima di fare ritorno al Monticelli. Nella passata stagione&#8230; <\/p>\n<div class=\"clear\"><\/div>\n<p><a href=\"https:\/\/www.ssdmonticelli.it\/index.php\/2023\/07\/06\/confermato-anche-poli\/\" class=\"excerpt-read-more\">Read More<\/a><\/p>\n","protected":false},"author":1,"featured_media":6880,"comment_status":"open","ping_status":"open","sticky":false,"template":"","format":"standard","meta":{"footnotes":""},"categories":[7],"tags":[173],"class_list":["post-6870","post","type-post","status-publish","format-standard","has-post-thumbnail","hentry","category-news","tag-poli"],"jetpack_featured_media_url":"https:\/\/www.ssdmonticelli.it\/wp-content\/uploads\/2023\/07\/DSC_0185-scaled.jpg","_links":{"self":[{"href":"https:\/\/www.ssdmonticelli.it\/index.php\/wp-json\/wp\/v2\/posts\/6870","targetHints":{"allow":["GET"]}}],"collection":[{"href":"https:\/\/www.ssdmonticelli.it\/index.php\/wp-json\/wp\/v2\/posts"}],"about":[{"href":"https:\/\/www.ssdmonticelli.it\/index.php\/wp-json\/wp\/v2\/types\/post"}],"author":[{"embeddable":true,"href":"https:\/\/www.ssdmonticelli.it\/index.php\/wp-json\/wp\/v2\/users\/1"}],"replies":[{"embeddable":true,"href":"https:\/\/www.ssdmonticelli.it\/index.php\/wp-json\/wp\/v2\/comments?post=6870"}],"version-history":[{"count":2,"href":"https:\/\/www.ssdmonticelli.it\/index.php\/wp-json\/wp\/v2\/posts\/6870\/revisions"}],"predecessor-version":[{"id":6873,"href":"https:\/\/www.ssdmonticelli.it\/index.php\/wp-json\/wp\/v2\/posts\/6870\/revisions\/6873"}],"wp:featuredmedia":[{"embeddable":true,"href":"https:\/\/www.ssdmonticelli.it\/index.php\/wp-json\/wp\/v2\/media\/6880"}],"wp:attachment":[{"href":"https:\/\/www.ssdmonticelli.it\/index.php\/wp-json\/wp\/v2\/media?parent=6870"}],"wp:term":[{"taxonomy":"category","embeddable":true,"href":"https:\/\/www.ssdmonticelli.it\/index.php\/wp-json\/wp\/v2\/categories?post=6870"},{"taxonomy":"post_tag","embeddable":true,"href":"https:\/\/www.ssdmonticelli.it\/index.php\/wp-json\/wp\/v2\/tags?post=6870"}],"curies":[{"name":"wp","href":"https:\/\/api.w.org\/{rel}","templated":true}]}}