{"id":6895,"date":"2023-07-14T09:11:15","date_gmt":"2023-07-14T08:11:15","guid":{"rendered":"http:\/\/www.ssdmonticelli.it\/?p=6895"},"modified":"2023-07-14T09:11:16","modified_gmt":"2023-07-14T08:11:16","slug":"simone-panichi-nuovo-responsabile-tecnico-della-scuola-calcio","status":"publish","type":"post","link":"https:\/\/www.ssdmonticelli.it\/index.php\/2023\/07\/14\/simone-panichi-nuovo-responsabile-tecnico-della-scuola-calcio\/","title":{"rendered":"SIMONE PANICHI NUOVO RESPONSABILE TECNICO DELLA SCUOLA CALCIO"},"content":{"rendered":"\n<p>Il Monticelli Calcio comunica di aver affidato il ruolo di responsabile tecnico della scuola calcio a Simone Panichi. Simone arriva dall\u2019Ascoli Calcio con la quale negli ultimi cinque anni ha svolto il ruolo di istruttore dell\u2019attivit\u00e0 di base, seguendo nell\u2019ultimo anno anche la squadra femminile bianconera. Tecnico preparato infatti ha conseguito l\u2019abilitazione a Responsabile del Settore Giovanile presso il centro tecnico FIGC di Coverciano. La societ\u00e0 \u00e8 felice di accogliere un ragazzo serio e preparato come Simone.<\/p>\n\n\n\n<p>Ecco le parole del presidente Tonino Celani al momento della presentazione: \u201cMi permetto di presentare prima del \u201ctecnico\u201d il ragazzo Simone Panichi. Sono rimasto estremamente colpito da questo ragazzo che alla suo giovane et\u00e0, 23 anni, mostra un\u2019educazione ed una compostezza fuori dal comune e oggi giorno raramente si riscontrano queste caratteristiche in ragazzi della sua et\u00e0. \u00c8 stato davvero un piacere confrontarsi e dialogare con lui perch\u00e9 Simone fa sempre trasparire le grandi doti umane che indubbiamente ha. Il Monticelli Calcio \u00e8 orgoglioso di poter avere nel proprio organico tecnico un responsabile cos\u00ec preparato e che certamente potr\u00e0 trasferire in maniera positiva a tutto l\u2019ambiente i suoi valori. Simone ha accolto la nostra proposta con grande entusiasmo, mettendosi gi\u00e0 nell\u2019immediato a disposizione per la buona riuscita del progetto. Siamo certi che grazie alla sua presenza alzeremo tantissimo il livello tecnico-organizzativo della nostra scuola calcio portando una ventata di innovazione, al passo con i tempi, e con le giuste metodologie tecniche necessarie per le scuole calcio. Sono certo che Simone avr\u00e0 un impatto positivo sui ragazzi e sulle famiglie, e sar\u00e0 una guida ed un punto di riferimento per il miglioramento tecnico anche degli altri allenatori\u201d&nbsp; &nbsp;&nbsp;&nbsp;&nbsp;&nbsp;&nbsp;&nbsp;&nbsp;&nbsp;&nbsp;<\/p>\n\n\n\n<p>\u201cGrazie alla mia famiglia \u2013 dice Simone &#8211; sono riuscito a trovare la strada per potermi esprimere al meglio nel mondo del calcio dove ho iniziato svolgendo il ruolo di collaboratore nel settore giovanile del Piazza Immacolata, societ\u00e0 che mi ha da sempre accolto a braccia aperte e con cui ho un legame speciale.<\/p>\n\n\n\n<p>Le ultime cinque stagioni le ho trascorse nel settore giovanile dell\u2019Ascoli Calcio ricoprendo il ruolo di istruttore nell\u2019attivit\u00e0 di base in varie categorie. La mia passione per il calcio giovanile mi spinge quotidianamente ad incrementare il mio bagaglio di conoscenze. Lo scorso anno ho conseguito l\u2019abilitazione a svolgere il ruolo di Responsabile Settore Giovanile presso il Settore Tecnico FIGC di Coverciano. Vorrei ringraziare l\u2019Ascoli per le opportunit\u00e0 che mi ha concesso, per l\u2019esperienza maturata e soprattutto per le persone che ho avuto modo di incontrare. Per me \u00e8 stato un onore far parte del club. &nbsp;<\/p>\n\n\n\n<p>Durante la mia permanenza nell\u2019Ascoli ho auto modo di conoscere Domenico Natalini: fin da subito l\u2019ho considerato un amico, una persona di fiducia, con la quale ho legato e che ringrazio pubblicamente per avermi coinvolto nel progetto del Monticelli. Lui, la dirigenza, insieme alla mia voglia di mettermi in gioco, di sperimentare nuove idee, di fare nuove esperienze e di confrontarmi con nuove persone, hanno fatto s\u00ec che scegliessi di unirmi al Monticelli con la massima determinazione ed entusiasmo.<\/p>\n\n\n\n<p>Dal punto di vista personale, l\u2019obiettivo \u00e8 quello di diventare un punto di riferimento per tutti i ragazzi del Monticelli oltre che per le loro famiglie, sul piano sportivo ma soprattutto sul piano umano.<\/p>\n\n\n\n<p>In merito al discorso tecnico, ho intenzione di creare con istruttori e dirigenti un ambiente che favorisca l\u2019apprendimento e la formazione continua, che garantisca a tutti la possibilit\u00e0 di esprimersi, di mettersi in gioco e di confrontarsi per il bene dei ragazzi e per la crescita della societ\u00e0. Sono estremamente convinto che solo grazie una fattiva collaborazione tra societ\u00e0, staff e famiglie si avr\u00e0 la possibilit\u00e0 di crescere, di sperimentare nuove idee e di migliorare i nostri ragazzi dal punto di vista umano e sportivo\u201d.<\/p>\n","protected":false},"excerpt":{"rendered":"<p>Il Monticelli Calcio comunica di aver affidato il ruolo di responsabile tecnico della scuola calcio a Simone Panichi. Simone arriva dall\u2019Ascoli Calcio con la quale negli ultimi cinque anni ha svolto il ruolo di istruttore dell\u2019attivit\u00e0 di base, seguendo nell\u2019ultimo anno anche la squadra femminile bianconera. Tecnico preparato infatti ha conseguito l\u2019abilitazione a Responsabile del&#8230; <\/p>\n<div class=\"clear\"><\/div>\n<p><a href=\"https:\/\/www.ssdmonticelli.it\/index.php\/2023\/07\/14\/simone-panichi-nuovo-responsabile-tecnico-della-scuola-calcio\/\" class=\"excerpt-read-more\">Read More<\/a><\/p>\n","protected":false},"author":1,"featured_media":6896,"comment_status":"open","ping_status":"open","sticky":false,"template":"","format":"standard","meta":{"footnotes":""},"categories":[7],"tags":[22,175],"class_list":["post-6895","post","type-post","status-publish","format-standard","has-post-thumbnail","hentry","category-news","tag-settore-giovanile","tag-simone-panichi"],"jetpack_featured_media_url":"https:\/\/www.ssdmonticelli.it\/wp-content\/uploads\/2023\/07\/panichi-s.jpg","_links":{"self":[{"href":"https:\/\/www.ssdmonticelli.it\/index.php\/wp-json\/wp\/v2\/posts\/6895","targetHints":{"allow":["GET"]}}],"collection":[{"href":"https:\/\/www.ssdmonticelli.it\/index.php\/wp-json\/wp\/v2\/posts"}],"about":[{"href":"https:\/\/www.ssdmonticelli.it\/index.php\/wp-json\/wp\/v2\/types\/post"}],"author":[{"embeddable":true,"href":"https:\/\/www.ssdmonticelli.it\/index.php\/wp-json\/wp\/v2\/users\/1"}],"replies":[{"embeddable":true,"href":"https:\/\/www.ssdmonticelli.it\/index.php\/wp-json\/wp\/v2\/comments?post=6895"}],"version-history":[{"count":2,"href":"https:\/\/www.ssdmonticelli.it\/index.php\/wp-json\/wp\/v2\/posts\/6895\/revisions"}],"predecessor-version":[{"id":6898,"href":"https:\/\/www.ssdmonticelli.it\/index.php\/wp-json\/wp\/v2\/posts\/6895\/revisions\/6898"}],"wp:featuredmedia":[{"embeddable":true,"href":"https:\/\/www.ssdmonticelli.it\/index.php\/wp-json\/wp\/v2\/media\/6896"}],"wp:attachment":[{"href":"https:\/\/www.ssdmonticelli.it\/index.php\/wp-json\/wp\/v2\/media?parent=6895"}],"wp:term":[{"taxonomy":"category","embeddable":true,"href":"https:\/\/www.ssdmonticelli.it\/index.php\/wp-json\/wp\/v2\/categories?post=6895"},{"taxonomy":"post_tag","embeddable":true,"href":"https:\/\/www.ssdmonticelli.it\/index.php\/wp-json\/wp\/v2\/tags?post=6895"}],"curies":[{"name":"wp","href":"https:\/\/api.w.org\/{rel}","templated":true}]}}