{"id":7167,"date":"2023-11-07T20:30:00","date_gmt":"2023-11-07T19:30:00","guid":{"rendered":"http:\/\/www.ssdmonticelli.it\/?p=7167"},"modified":"2023-11-28T10:18:42","modified_gmt":"2023-11-28T09:18:42","slug":"poli-al-porta-romana","status":"publish","type":"post","link":"https:\/\/www.ssdmonticelli.it\/index.php\/2023\/11\/07\/poli-al-porta-romana\/","title":{"rendered":"POLI AL PORTA ROMANA"},"content":{"rendered":"\n<p>Il Monticelli comunica il passaggio di Matteo Poli al Porta Romana.<\/p>\n\n\n\n<p>Matteo insieme ai compagni \u00e8 stato artefice della salvezza dello scorso anno. In questi anni si \u00e8 sempre contraddistinto per seriet\u00e0, impegno e attaccamento alla maglia.<\/p>\n\n\n\n<p>La <a><\/a>societ\u00e0 augura a Matteo le migliori fortune professionali e personali in questa nuova avventura.<\/p>\n","protected":false},"excerpt":{"rendered":"<p>Il Monticelli comunica il passaggio di Matteo Poli al Porta Romana. Matteo insieme ai compagni \u00e8 stato artefice della salvezza dello scorso anno. In questi anni si \u00e8 sempre contraddistinto per seriet\u00e0, impegno e attaccamento alla maglia. La societ\u00e0 augura a Matteo le migliori fortune professionali e personali in questa nuova avventura.<\/p>\n","protected":false},"author":1,"featured_media":6880,"comment_status":"open","ping_status":"open","sticky":false,"template":"","format":"standard","meta":{"footnotes":""},"categories":[7],"tags":[26,173],"class_list":["post-7167","post","type-post","status-publish","format-standard","has-post-thumbnail","hentry","category-news","tag-mercato","tag-poli"],"jetpack_featured_media_url":"https:\/\/www.ssdmonticelli.it\/wp-content\/uploads\/2023\/07\/DSC_0185-scaled.jpg","_links":{"self":[{"href":"https:\/\/www.ssdmonticelli.it\/index.php\/wp-json\/wp\/v2\/posts\/7167","targetHints":{"allow":["GET"]}}],"collection":[{"href":"https:\/\/www.ssdmonticelli.it\/index.php\/wp-json\/wp\/v2\/posts"}],"about":[{"href":"https:\/\/www.ssdmonticelli.it\/index.php\/wp-json\/wp\/v2\/types\/post"}],"author":[{"embeddable":true,"href":"https:\/\/www.ssdmonticelli.it\/index.php\/wp-json\/wp\/v2\/users\/1"}],"replies":[{"embeddable":true,"href":"https:\/\/www.ssdmonticelli.it\/index.php\/wp-json\/wp\/v2\/comments?post=7167"}],"version-history":[{"count":2,"href":"https:\/\/www.ssdmonticelli.it\/index.php\/wp-json\/wp\/v2\/posts\/7167\/revisions"}],"predecessor-version":[{"id":7169,"href":"https:\/\/www.ssdmonticelli.it\/index.php\/wp-json\/wp\/v2\/posts\/7167\/revisions\/7169"}],"wp:featuredmedia":[{"embeddable":true,"href":"https:\/\/www.ssdmonticelli.it\/index.php\/wp-json\/wp\/v2\/media\/6880"}],"wp:attachment":[{"href":"https:\/\/www.ssdmonticelli.it\/index.php\/wp-json\/wp\/v2\/media?parent=7167"}],"wp:term":[{"taxonomy":"category","embeddable":true,"href":"https:\/\/www.ssdmonticelli.it\/index.php\/wp-json\/wp\/v2\/categories?post=7167"},{"taxonomy":"post_tag","embeddable":true,"href":"https:\/\/www.ssdmonticelli.it\/index.php\/wp-json\/wp\/v2\/tags?post=7167"}],"curies":[{"name":"wp","href":"https:\/\/api.w.org\/{rel}","templated":true}]}}