{"id":770,"date":"2015-11-18T16:31:36","date_gmt":"2015-11-18T14:31:36","guid":{"rendered":"http:\/\/asdmonticelli.it\/?p=770"},"modified":"2015-11-18T16:31:36","modified_gmt":"2015-11-18T14:31:36","slug":"petrucci-a-matelica-ce-la-giocheremo","status":"publish","type":"post","link":"https:\/\/www.ssdmonticelli.it\/index.php\/2015\/11\/18\/petrucci-a-matelica-ce-la-giocheremo\/","title":{"rendered":"Petrucci: &#8220;A Matelica ce la giocheremo&#8221;"},"content":{"rendered":"<p>A pochi giorni dalla trasferta di Matelica, oggi, per il Monticelli a parlare \u00e8 stato l&#8217;attaccante Andrea Petrucci. Queste le sue parole: <\/p>\n<p>\u201cLa squadra dopo il pareggio di domenica a Campobasso ha ripreso un po\u2019 di fiducia. Infatti, si \u00e8 rivisto il Monticelli di inizio stagione. Abbiamo giocato molto bene e credo che il pareggio ci sia rimasto anche abbastanza stretto. Per\u00f2 siamo riusciti a strappare un ottimo punto in trasferta di cui non possiamo lamentarci. Credo che comunque questo campionato sia molto difficile e noi ci stiamo comportando nel migliore dei modi, essendo peraltro una formazione neopromossa. Certo, avremmo meritato qualche punto in pi\u00f9, ma adesso \u00e8 inutile pensare ancora al passato. Dobbiamo guardare avanti e la cosa pi\u00f9 importante \u00e8 essere convinti dei nostri mezzi. Adesso prepariamo bene la trasferta di domenica a Matelica, perch\u00e9 affronteremo uno squadrone costruito per vincere il campionato. Noi, per\u00f2, non temiamo nessuno e andremo a giocarcela, come sempre, per ottenere l\u2019intera posta in palio e compiere un altro passo avanti in classifica. La mia astinenza dal gol? Non sono uno di quegli attaccanti che se non segnano vanno in crisi. Quest\u2019anno, infatti, sono pi\u00f9 un uomo assist che un bomber. Da attaccante cerco sempre di lavorare per la squadra e dare il meglio. Poi se arriva il gol \u00e8 sempre pi\u00f9 bello. Ripeto, ancora una volta, che l\u2019importante \u00e8 fare punti e mettere in pratica le indicazioni che ci d\u00e0 il mister\u201d.<\/p>\n","protected":false},"excerpt":{"rendered":"<p>A pochi giorni dalla trasferta di Matelica, oggi, per il Monticelli a parlare \u00e8 stato l&#8217;attaccante Andrea Petrucci. Queste le sue parole: \u201cLa squadra dopo il pareggio di domenica a Campobasso ha ripreso un po\u2019 di fiducia. Infatti, si \u00e8 rivisto il Monticelli di inizio stagione. Abbiamo giocato molto bene e credo che il pareggio&#8230; <\/p>\n<div class=\"clear\"><\/div>\n<p><a href=\"https:\/\/www.ssdmonticelli.it\/index.php\/2015\/11\/18\/petrucci-a-matelica-ce-la-giocheremo\/\" class=\"excerpt-read-more\">Read More<\/a><\/p>\n","protected":false},"author":3,"featured_media":771,"comment_status":"open","ping_status":"open","sticky":false,"template":"","format":"standard","meta":{"footnotes":""},"categories":[1],"tags":[],"class_list":["post-770","post","type-post","status-publish","format-standard","has-post-thumbnail","hentry","category-uncategorized"],"jetpack_featured_media_url":"https:\/\/www.ssdmonticelli.it\/wp-content\/uploads\/2015\/11\/21.jpg","_links":{"self":[{"href":"https:\/\/www.ssdmonticelli.it\/index.php\/wp-json\/wp\/v2\/posts\/770","targetHints":{"allow":["GET"]}}],"collection":[{"href":"https:\/\/www.ssdmonticelli.it\/index.php\/wp-json\/wp\/v2\/posts"}],"about":[{"href":"https:\/\/www.ssdmonticelli.it\/index.php\/wp-json\/wp\/v2\/types\/post"}],"author":[{"embeddable":true,"href":"https:\/\/www.ssdmonticelli.it\/index.php\/wp-json\/wp\/v2\/users\/3"}],"replies":[{"embeddable":true,"href":"https:\/\/www.ssdmonticelli.it\/index.php\/wp-json\/wp\/v2\/comments?post=770"}],"version-history":[{"count":1,"href":"https:\/\/www.ssdmonticelli.it\/index.php\/wp-json\/wp\/v2\/posts\/770\/revisions"}],"predecessor-version":[{"id":772,"href":"https:\/\/www.ssdmonticelli.it\/index.php\/wp-json\/wp\/v2\/posts\/770\/revisions\/772"}],"wp:featuredmedia":[{"embeddable":true,"href":"https:\/\/www.ssdmonticelli.it\/index.php\/wp-json\/wp\/v2\/media\/771"}],"wp:attachment":[{"href":"https:\/\/www.ssdmonticelli.it\/index.php\/wp-json\/wp\/v2\/media?parent=770"}],"wp:term":[{"taxonomy":"category","embeddable":true,"href":"https:\/\/www.ssdmonticelli.it\/index.php\/wp-json\/wp\/v2\/categories?post=770"},{"taxonomy":"post_tag","embeddable":true,"href":"https:\/\/www.ssdmonticelli.it\/index.php\/wp-json\/wp\/v2\/tags?post=770"}],"curies":[{"name":"wp","href":"https:\/\/api.w.org\/{rel}","templated":true}]}}