{"id":898,"date":"2015-12-10T10:43:24","date_gmt":"2015-12-10T08:43:24","guid":{"rendered":"http:\/\/asdmonticelli.it\/?p=898"},"modified":"2015-12-10T10:50:20","modified_gmt":"2015-12-10T08:50:20","slug":"petrucci-resto-al-monticelli-per-conquistare-la-salvezza","status":"publish","type":"post","link":"https:\/\/www.ssdmonticelli.it\/index.php\/2015\/12\/10\/petrucci-resto-al-monticelli-per-conquistare-la-salvezza\/","title":{"rendered":"Petrucci: &#8220;Resto al Monticelli per conquistare la salvezza&#8221;"},"content":{"rendered":"<p>Una scelta di cuore, quella dell&#8217;attaccante Andrea Petrucci, che ha deciso di restare al Monticelli fino al termine della stagione, nonostante le tante proposte arrivate in questi giorni. Queste le sue dichiarazioni, a pochi giorni dal delicato match casalingo contro l&#8217;Isernia di domenica pomeriggio al Del Duca.<\/p>\n<p>&#8220;Ho ricevuto delle offerte importanti, ma ho deciso di restare al Monticelli. L&#8217;ultima proposta \u00e8 stata quella della Recanatese ma da parte mia c&#8217;\u00e8 la ferma volont\u00e0 di concludere la stagione in biancoazzurro. Voglio conquistare la salvezza con il Monticelli, per chiudere nel migliore dei modi questo percorso che ci ha portati in serie D. Sono ascolano e per me giocare con questa maglia \u00e8 bellissimo, perch\u00e8 in questa prima stagione del Monticelli in questa categoria stiamo facendo la storia del quartiere. Poi, a fine stagione, valuteremo cosa fare insieme alla societ\u00e0. Per ora ho intenzione di restare qui e sono gi\u00e0 concentrato sulla sfida di domenica contro l&#8217;Isernia. Sar\u00e0 un match molto importante e dovremo conquistare i tre punti per allontanarci ulteriormente dalla zona bassa della classifica e per recuperare posizioni dopo la sconfitta di Fano. A Monticelli si sta bene. L&#8217;ambiente \u00e8 quello ideale per giocare a calcio, senza pressioni. Il gruppo \u00e8 fantastico e non trovo alcun valido motivo per cambiare maglia&#8221;.<\/p>\n","protected":false},"excerpt":{"rendered":"<p>Una scelta di cuore, quella dell&#8217;attaccante Andrea Petrucci, che ha deciso di restare al Monticelli fino al termine della stagione, nonostante le tante proposte arrivate in questi giorni. Queste le sue dichiarazioni, a pochi giorni dal delicato match casalingo contro l&#8217;Isernia di domenica pomeriggio al Del Duca. &#8220;Ho ricevuto delle offerte importanti, ma ho deciso&#8230; <\/p>\n<div class=\"clear\"><\/div>\n<p><a href=\"https:\/\/www.ssdmonticelli.it\/index.php\/2015\/12\/10\/petrucci-resto-al-monticelli-per-conquistare-la-salvezza\/\" class=\"excerpt-read-more\">Read More<\/a><\/p>\n","protected":false},"author":3,"featured_media":900,"comment_status":"open","ping_status":"open","sticky":false,"template":"","format":"standard","meta":{"footnotes":""},"categories":[1],"tags":[],"class_list":["post-898","post","type-post","status-publish","format-standard","has-post-thumbnail","hentry","category-uncategorized"],"jetpack_featured_media_url":"https:\/\/www.ssdmonticelli.it\/wp-content\/uploads\/2015\/12\/petrucci-2.jpg","_links":{"self":[{"href":"https:\/\/www.ssdmonticelli.it\/index.php\/wp-json\/wp\/v2\/posts\/898","targetHints":{"allow":["GET"]}}],"collection":[{"href":"https:\/\/www.ssdmonticelli.it\/index.php\/wp-json\/wp\/v2\/posts"}],"about":[{"href":"https:\/\/www.ssdmonticelli.it\/index.php\/wp-json\/wp\/v2\/types\/post"}],"author":[{"embeddable":true,"href":"https:\/\/www.ssdmonticelli.it\/index.php\/wp-json\/wp\/v2\/users\/3"}],"replies":[{"embeddable":true,"href":"https:\/\/www.ssdmonticelli.it\/index.php\/wp-json\/wp\/v2\/comments?post=898"}],"version-history":[{"count":1,"href":"https:\/\/www.ssdmonticelli.it\/index.php\/wp-json\/wp\/v2\/posts\/898\/revisions"}],"predecessor-version":[{"id":899,"href":"https:\/\/www.ssdmonticelli.it\/index.php\/wp-json\/wp\/v2\/posts\/898\/revisions\/899"}],"wp:featuredmedia":[{"embeddable":true,"href":"https:\/\/www.ssdmonticelli.it\/index.php\/wp-json\/wp\/v2\/media\/900"}],"wp:attachment":[{"href":"https:\/\/www.ssdmonticelli.it\/index.php\/wp-json\/wp\/v2\/media?parent=898"}],"wp:term":[{"taxonomy":"category","embeddable":true,"href":"https:\/\/www.ssdmonticelli.it\/index.php\/wp-json\/wp\/v2\/categories?post=898"},{"taxonomy":"post_tag","embeddable":true,"href":"https:\/\/www.ssdmonticelli.it\/index.php\/wp-json\/wp\/v2\/tags?post=898"}],"curies":[{"name":"wp","href":"https:\/\/api.w.org\/{rel}","templated":true}]}}