{"id":987,"date":"2016-01-02T18:06:21","date_gmt":"2016-01-02T17:06:21","guid":{"rendered":"http:\/\/asdmonticelli.it\/?p=987"},"modified":"2016-01-02T18:14:46","modified_gmt":"2016-01-02T17:14:46","slug":"sosi-siamo-pronti-per-il-girone-di-ritorno","status":"publish","type":"post","link":"https:\/\/www.ssdmonticelli.it\/index.php\/2016\/01\/02\/sosi-siamo-pronti-per-il-girone-di-ritorno\/","title":{"rendered":"Sosi: &#8220;Siamo pronti per il girone di ritorno&#8221;"},"content":{"rendered":"<p>A parlare, questa sera, \u00e8 stato il capitano Mauro Sosi, in vista della trasferta di Scoppito contro l&#8217;Amiternina in programma il 6 gennaio alle 14.30. Queste le sue dichiarazioni:<br \/>\n&#8220;Ci stiamo allenando anche in questo periodo, perch\u00e8 \u00e8 fondamentale farsi trovare pronti alla ripresa del campionato. L&#8217;inizio del girone di ritorno per noi sar\u00e0 fondamentale, visto che affronteremo l&#8217;Amiternina e la Folgore Veregra, due squadre che come noi lottano per la permanenza in serie D. Abbiamo disputato un grande girone di andata, seppur chiuso con la brutta sconfitta di Giulianova. Comunque, quello commesso contro gli abruzzesi \u00e8 stato un passo falso che ci siamo gi\u00e0 messi alle spalle. Adesso pensiamo a questa doppia sfida ravvicinata, con l&#8217;obiettivo di ottenere sei punti, anche se sappiamo che non sar\u00e0 affatto semplice. Tutte le squadre, infatti, grazie al mercato invernale si sono rafforzate ed anche per questo motivo non dobbiamo sentirci gi\u00e0 salvi. Peraltro, la classifica \u00e8 corta e tutto pu\u00f2 ancora succedere. Ci sar\u00e0 da sudare da qui a maggio ma siamo consapevoli di potercela giocare con tutti e vogliamo continuare a far parlare del Monticelli, dopo le ottime prestazioni collezionate fino a Natale. Sappiamo che la societ\u00e0 sta guardando a qualche giovane da inserire in rosa ma in questo momento dobbiamo solamente concentrarci sull&#8217;Amiternina. Purtroppo sono andati via dei giocatori che, pur avendo giocato poco, sono stati molto importanti all&#8217;interno dello spogliatoio e numericamente ci siamo indeboliti. Sono convinto che il direttore generale Francesco Castelli e il direttore sportivo Giovanni Minollini stanno facendo il possibile per individuare i giusti rinforzi da mettere a disposizione del mister\u201d.<\/p>\n","protected":false},"excerpt":{"rendered":"<p>A parlare, questa sera, \u00e8 stato il capitano Mauro Sosi, in vista della trasferta di Scoppito contro l&#8217;Amiternina in programma il 6 gennaio alle 14.30. Queste le sue dichiarazioni: &#8220;Ci stiamo allenando anche in questo periodo, perch\u00e8 \u00e8 fondamentale farsi trovare pronti alla ripresa del campionato. L&#8217;inizio del girone di ritorno per noi sar\u00e0 fondamentale,&#8230; <\/p>\n<div class=\"clear\"><\/div>\n<p><a href=\"https:\/\/www.ssdmonticelli.it\/index.php\/2016\/01\/02\/sosi-siamo-pronti-per-il-girone-di-ritorno\/\" class=\"excerpt-read-more\">Read More<\/a><\/p>\n","protected":false},"author":3,"featured_media":991,"comment_status":"open","ping_status":"open","sticky":false,"template":"","format":"standard","meta":{"footnotes":""},"categories":[1],"tags":[],"class_list":["post-987","post","type-post","status-publish","format-standard","has-post-thumbnail","hentry","category-uncategorized"],"jetpack_featured_media_url":"https:\/\/www.ssdmonticelli.it\/wp-content\/uploads\/2016\/01\/sosi.jpg","_links":{"self":[{"href":"https:\/\/www.ssdmonticelli.it\/index.php\/wp-json\/wp\/v2\/posts\/987","targetHints":{"allow":["GET"]}}],"collection":[{"href":"https:\/\/www.ssdmonticelli.it\/index.php\/wp-json\/wp\/v2\/posts"}],"about":[{"href":"https:\/\/www.ssdmonticelli.it\/index.php\/wp-json\/wp\/v2\/types\/post"}],"author":[{"embeddable":true,"href":"https:\/\/www.ssdmonticelli.it\/index.php\/wp-json\/wp\/v2\/users\/3"}],"replies":[{"embeddable":true,"href":"https:\/\/www.ssdmonticelli.it\/index.php\/wp-json\/wp\/v2\/comments?post=987"}],"version-history":[{"count":2,"href":"https:\/\/www.ssdmonticelli.it\/index.php\/wp-json\/wp\/v2\/posts\/987\/revisions"}],"predecessor-version":[{"id":992,"href":"https:\/\/www.ssdmonticelli.it\/index.php\/wp-json\/wp\/v2\/posts\/987\/revisions\/992"}],"wp:featuredmedia":[{"embeddable":true,"href":"https:\/\/www.ssdmonticelli.it\/index.php\/wp-json\/wp\/v2\/media\/991"}],"wp:attachment":[{"href":"https:\/\/www.ssdmonticelli.it\/index.php\/wp-json\/wp\/v2\/media?parent=987"}],"wp:term":[{"taxonomy":"category","embeddable":true,"href":"https:\/\/www.ssdmonticelli.it\/index.php\/wp-json\/wp\/v2\/categories?post=987"},{"taxonomy":"post_tag","embeddable":true,"href":"https:\/\/www.ssdmonticelli.it\/index.php\/wp-json\/wp\/v2\/tags?post=987"}],"curies":[{"name":"wp","href":"https:\/\/api.w.org\/{rel}","templated":true}]}}